{"id":6239,"date":"2024-10-18T19:53:56","date_gmt":"2024-10-18T17:53:56","guid":{"rendered":"https:\/\/albert.radom.pl\/?p=6239"},"modified":"2024-11-03T16:04:39","modified_gmt":"2024-11-03T15:04:39","slug":"sztuka-o-rodzinie-ulmow-ponownie-na-deskach-teatru","status":"publish","type":"post","link":"https:\/\/albert.radom.pl\/?p=6239","title":{"rendered":"Sztuka o Rodzinie Ulm\u00f3w ponownie na &#8222;deskach&#8221; teatru !"},"content":{"rendered":"<p><strong>Sztuka &#8222;P\u00f3ki mamy czas&#8221; nie schodzi z afiszy!<\/strong><!--more--><\/p>\n<p>Jako zesp\u00f3\u0142 Teatru Amatorskiego pragniemy podzi\u0119kowa\u0107 jeszcze raz wszystkim za obecno\u015b\u0107 na spektaklu o b\u0142. Rodzinie Ulm\u00f3w. Sp\u0142yn\u0119\u0142o do nas wiele pozytywnych, pi\u0119knych opinii i recenzji. Za wszystkie ciep\u0142e s\u0142owa bardzo dzi\u0119kujemy.<\/p>\n<p>Wychodz\u0105c naprzeciw zapytaniom o mo\u017cliwo\u015b\u0107 powt\u00f3rzenia spektaklu, pragniemy poinformowa\u0107, \u017ce <strong><span style=\"text-decoration: underline;\">sztuka \u201eP\u00f3ki mamy czas\u2026\u201d zostanie powt\u00f3rnie wystawiona w naszym ko\u015bciele <span style=\"color: #ff0000; text-decoration: underline;\">20 pa\u017adziernika (niedziela) o godz. 19.30<\/span><\/span>.<\/strong><\/p>\n<p><strong>Gor\u0105co wszystkich zapraszamy!<\/strong><\/p>\n<p>Warto przeczyta\u0107:<br \/>\n<a href=\"https:\/\/radioplus.com.pl\/index.php\/diecezja\/77997-poki-mamy-czas\" target=\"_blank\" rel=\"noopener\">Tydzie\u0144 Kultury Chrze\u015bcija\u0144skiej<\/a><br \/>\n<a href=\"https:\/\/radioplus.com.pl\/index.php\/diecezja\/78020-poki-mamy-czas\" target=\"_blank\" rel=\"noopener\">Relacja Radio Plus Radom<\/a><br \/>\n<a href=\"https:\/\/radom.gosc.pl\/doc\/8999267.Spektakl-o-zyciu-i-meczenstwie-Ulmow-w-kosciele-na-Predocinku\" target=\"_blank\" rel=\"noopener\">Relacja Go\u015bcia Niedzielnego<\/a><br \/>\n<a href=\"https:\/\/albert.radom.pl\/?p=6041\" target=\"_blank\" rel=\"noopener\">Nasza relacja<\/a><br \/>\n<a href=\"https:\/\/www.facebook.com\/BratAlbertRadom\/\" target=\"_blank\" rel=\"noopener\">facebook.com\/BratAlbertRadom\/<\/a><\/p>\n","protected":false},"excerpt":{"rendered":"<p>Sztuka &#8222;P\u00f3ki mamy czas&#8221; nie schodzi z afiszy!<\/p>\n","protected":false},"author":1,"featured_media":6240,"comment_status":"closed","ping_status":"closed","sticky":false,"template":"","format":"standard","meta":{"footnotes":""},"categories":[19,13,14,37],"tags":[],"class_list":["post-6239","post","type-post","status-publish","format-standard","has-post-thumbnail","hentry","category-aktualnosci","category-kultura-i-sztuka","category-polecamy","category-teatr"],"featured_image_urls":{"full":["https:\/\/albert.radom.pl\/wp-content\/uploads\/2024\/10\/PLAKAT-ULMOWIE-DRUGI-POKAZ.png",626,880,false],"thumbnail":["https:\/\/albert.radom.pl\/wp-content\/uploads\/2024\/10\/PLAKAT-ULMOWIE-DRUGI-POKAZ-150x150.png",150,150,true],"medium":["https:\/\/albert.radom.pl\/wp-content\/uploads\/2024\/10\/PLAKAT-ULMOWIE-DRUGI-POKAZ-213x300.png",213,300,true],"medium_large":["https:\/\/albert.radom.pl\/wp-content\/uploads\/2024\/10\/PLAKAT-ULMOWIE-DRUGI-POKAZ.png",626,880,false],"large":["https:\/\/albert.radom.pl\/wp-content\/uploads\/2024\/10\/PLAKAT-ULMOWIE-DRUGI-POKAZ.png",626,880,false],"1536x1536":["https:\/\/albert.radom.pl\/wp-content\/uploads\/2024\/10\/PLAKAT-ULMOWIE-DRUGI-POKAZ.png",626,880,false],"2048x2048":["https:\/\/albert.radom.pl\/wp-content\/uploads\/2024\/10\/PLAKAT-ULMOWIE-DRUGI-POKAZ.png",626,880,false],"newsever-slider-full":["https:\/\/albert.radom.pl\/wp-content\/uploads\/2024\/10\/PLAKAT-ULMOWIE-DRUGI-POKAZ-626x845.png",626,845,true],"newsever-featured":["https:\/\/albert.radom.pl\/wp-content\/uploads\/2024\/10\/PLAKAT-ULMOWIE-DRUGI-POKAZ.png",626,880,false],"newsever-medium":["https:\/\/albert.radom.pl\/wp-content\/uploads\/2024\/10\/PLAKAT-ULMOWIE-DRUGI-POKAZ-626x475.png",626,475,true]},"author_info":{"display_name":"xdar","author_link":"https:\/\/albert.radom.pl\/?author=1"},"category_info":"<a href=\"https:\/\/albert.radom.pl\/?cat=19\" rel=\"category\">Aktualno\u015bci<\/a> <a href=\"https:\/\/albert.radom.pl\/?cat=13\" rel=\"category\">Kultura i sztuka<\/a> <a href=\"https:\/\/albert.radom.pl\/?cat=14\" rel=\"category\">Polecamy<\/a> <a href=\"https:\/\/albert.radom.pl\/?cat=37\" rel=\"category\">Teatr<\/a>","tag_info":"Teatr","comment_count":"0","_links":{"self":[{"href":"https:\/\/albert.radom.pl\/index.php?rest_route=\/wp\/v2\/posts\/6239","targetHints":{"allow":["GET"]}}],"collection":[{"href":"https:\/\/albert.radom.pl\/index.php?rest_route=\/wp\/v2\/posts"}],"about":[{"href":"https:\/\/albert.radom.pl\/index.php?rest_route=\/wp\/v2\/types\/post"}],"author":[{"embeddable":true,"href":"https:\/\/albert.radom.pl\/index.php?rest_route=\/wp\/v2\/users\/1"}],"replies":[{"embeddable":true,"href":"https:\/\/albert.radom.pl\/index.php?rest_route=%2Fwp%2Fv2%2Fcomments&post=6239"}],"version-history":[{"count":2,"href":"https:\/\/albert.radom.pl\/index.php?rest_route=\/wp\/v2\/posts\/6239\/revisions"}],"predecessor-version":[{"id":6242,"href":"https:\/\/albert.radom.pl\/index.php?rest_route=\/wp\/v2\/posts\/6239\/revisions\/6242"}],"wp:featuredmedia":[{"embeddable":true,"href":"https:\/\/albert.radom.pl\/index.php?rest_route=\/wp\/v2\/media\/6240"}],"wp:attachment":[{"href":"https:\/\/albert.radom.pl\/index.php?rest_route=%2Fwp%2Fv2%2Fmedia&parent=6239"}],"wp:term":[{"taxonomy":"category","embeddable":true,"href":"https:\/\/albert.radom.pl\/index.php?rest_route=%2Fwp%2Fv2%2Fcategories&post=6239"},{"taxonomy":"post_tag","embeddable":true,"href":"https:\/\/albert.radom.pl\/index.php?rest_route=%2Fwp%2Fv2%2Ftags&post=6239"}],"curies":[{"name":"wp","href":"https:\/\/api.w.org\/{rel}","templated":true}]}}