{"id":6261,"date":"2024-10-14T10:08:25","date_gmt":"2024-10-14T08:08:25","guid":{"rendered":"https:\/\/albert.radom.pl\/?p=6261"},"modified":"2024-10-14T10:08:25","modified_gmt":"2024-10-14T08:08:25","slug":"witamy-diakona-kamila","status":"publish","type":"post","link":"https:\/\/albert.radom.pl\/?p=6261","title":{"rendered":"Witamy diakona Kamila"},"content":{"rendered":"<p>Witamy w naszej wsp\u00f3lnocie parafialnej Ksi\u0119dza Diakona Kamila Stachuczego, <!--more-->kt\u00f3ry rozpoczyna w naszej parafii praktyki duszpasterskie. Ks. Kamil pochodzi z parafii Wniebowzi\u0119cia NMP w Krynkach. \u017byczymy Mu owocnego czasu pos\u0142ugi w naszej parafii i wsp\u00f3lnotach duszpasterskich.<\/p>\n","protected":false},"excerpt":{"rendered":"<p>Witamy w naszej wsp\u00f3lnocie parafialnej Ksi\u0119dza Diakona Kamila Stachuczego,<\/p>\n","protected":false},"author":1,"featured_media":6262,"comment_status":"closed","ping_status":"closed","sticky":false,"template":"","format":"standard","meta":{"footnotes":""},"categories":[19],"tags":[],"class_list":["post-6261","post","type-post","status-publish","format-standard","has-post-thumbnail","hentry","category-aktualnosci"],"featured_image_urls":{"full":["https:\/\/albert.radom.pl\/wp-content\/uploads\/2024\/10\/462851896_846110017693533_5842902711029231268_n.jpg",736,1000,false],"thumbnail":["https:\/\/albert.radom.pl\/wp-content\/uploads\/2024\/10\/462851896_846110017693533_5842902711029231268_n-150x150.jpg",150,150,true],"medium":["https:\/\/albert.radom.pl\/wp-content\/uploads\/2024\/10\/462851896_846110017693533_5842902711029231268_n-221x300.jpg",221,300,true],"medium_large":["https:\/\/albert.radom.pl\/wp-content\/uploads\/2024\/10\/462851896_846110017693533_5842902711029231268_n.jpg",640,870,false],"large":["https:\/\/albert.radom.pl\/wp-content\/uploads\/2024\/10\/462851896_846110017693533_5842902711029231268_n.jpg",640,870,false],"1536x1536":["https:\/\/albert.radom.pl\/wp-content\/uploads\/2024\/10\/462851896_846110017693533_5842902711029231268_n.jpg",736,1000,false],"2048x2048":["https:\/\/albert.radom.pl\/wp-content\/uploads\/2024\/10\/462851896_846110017693533_5842902711029231268_n.jpg",736,1000,false],"newsever-slider-full":["https:\/\/albert.radom.pl\/wp-content\/uploads\/2024\/10\/462851896_846110017693533_5842902711029231268_n-736x845.jpg",736,845,true],"newsever-featured":["https:\/\/albert.radom.pl\/wp-content\/uploads\/2024\/10\/462851896_846110017693533_5842902711029231268_n.jpg",736,1000,false],"newsever-medium":["https:\/\/albert.radom.pl\/wp-content\/uploads\/2024\/10\/462851896_846110017693533_5842902711029231268_n-720x475.jpg",720,475,true]},"author_info":{"display_name":"xdar","author_link":"https:\/\/albert.radom.pl\/?author=1"},"category_info":"<a href=\"https:\/\/albert.radom.pl\/?cat=19\" rel=\"category\">Aktualno\u015bci<\/a>","tag_info":"Aktualno\u015bci","comment_count":"0","_links":{"self":[{"href":"https:\/\/albert.radom.pl\/index.php?rest_route=\/wp\/v2\/posts\/6261","targetHints":{"allow":["GET"]}}],"collection":[{"href":"https:\/\/albert.radom.pl\/index.php?rest_route=\/wp\/v2\/posts"}],"about":[{"href":"https:\/\/albert.radom.pl\/index.php?rest_route=\/wp\/v2\/types\/post"}],"author":[{"embeddable":true,"href":"https:\/\/albert.radom.pl\/index.php?rest_route=\/wp\/v2\/users\/1"}],"replies":[{"embeddable":true,"href":"https:\/\/albert.radom.pl\/index.php?rest_route=%2Fwp%2Fv2%2Fcomments&post=6261"}],"version-history":[{"count":1,"href":"https:\/\/albert.radom.pl\/index.php?rest_route=\/wp\/v2\/posts\/6261\/revisions"}],"predecessor-version":[{"id":6263,"href":"https:\/\/albert.radom.pl\/index.php?rest_route=\/wp\/v2\/posts\/6261\/revisions\/6263"}],"wp:featuredmedia":[{"embeddable":true,"href":"https:\/\/albert.radom.pl\/index.php?rest_route=\/wp\/v2\/media\/6262"}],"wp:attachment":[{"href":"https:\/\/albert.radom.pl\/index.php?rest_route=%2Fwp%2Fv2%2Fmedia&parent=6261"}],"wp:term":[{"taxonomy":"category","embeddable":true,"href":"https:\/\/albert.radom.pl\/index.php?rest_route=%2Fwp%2Fv2%2Fcategories&post=6261"},{"taxonomy":"post_tag","embeddable":true,"href":"https:\/\/albert.radom.pl\/index.php?rest_route=%2Fwp%2Fv2%2Ftags&post=6261"}],"curies":[{"name":"wp","href":"https:\/\/api.w.org\/{rel}","templated":true}]}}