{"id":6294,"date":"2024-10-14T23:59:21","date_gmt":"2024-10-14T21:59:21","guid":{"rendered":"https:\/\/albert.radom.pl\/?p=6294"},"modified":"2024-10-19T12:01:46","modified_gmt":"2024-10-19T10:01:46","slug":"rejonowy-krag-domowego-kosciola","status":"publish","type":"post","link":"https:\/\/albert.radom.pl\/?p=6294","title":{"rendered":"Rejonowy Kr\u0105g Domowego Ko\u015bcio\u0142a"},"content":{"rendered":"<p>W poniedzia\u0142kowy wiecz\u00f3r w naszej parafii odby\u0142 si\u0119 Rejonowy Kr\u0105g par animatorskich Domowego Ko\u015bcio\u0142a. <!--more-->Spotkaniu przewodzi\u0142a para rejonowa Arkadiusz i Katarzyna Orzechowscy oraz ks. Kamil Borkowski &#8211; moderator rejonu.<\/p>\n<div id='gallery-1' class='gallery galleryid-6294 gallery-columns-4 gallery-size-thumbnail'><figure class='gallery-item'>\n\t\t\t<div class='gallery-icon landscape'>\n\t\t\t\t<a href='https:\/\/albert.radom.pl\/wp-content\/uploads\/2024\/10\/463034707_847135550924313_2967439869300496519_n.jpg'><img loading=\"lazy\" decoding=\"async\" width=\"150\" height=\"150\" src=\"https:\/\/albert.radom.pl\/wp-content\/uploads\/2024\/10\/463034707_847135550924313_2967439869300496519_n-150x150.jpg\" class=\"attachment-thumbnail size-thumbnail\" alt=\"\" \/><\/a>\n\t\t\t<\/div><\/figure><figure class='gallery-item'>\n\t\t\t<div class='gallery-icon landscape'>\n\t\t\t\t<a href='https:\/\/albert.radom.pl\/wp-content\/uploads\/2024\/10\/463034960_847140474257154_3967649325926733978_n.jpg'><img loading=\"lazy\" decoding=\"async\" width=\"150\" height=\"150\" src=\"https:\/\/albert.radom.pl\/wp-content\/uploads\/2024\/10\/463034960_847140474257154_3967649325926733978_n-150x150.jpg\" class=\"attachment-thumbnail size-thumbnail\" alt=\"\" \/><\/a>\n\t\t\t<\/div><\/figure><figure class='gallery-item'>\n\t\t\t<div class='gallery-icon landscape'>\n\t\t\t\t<a href='https:\/\/albert.radom.pl\/wp-content\/uploads\/2024\/10\/463055461_847140500923818_1011076731230478921_n.jpg'><img loading=\"lazy\" decoding=\"async\" width=\"150\" height=\"150\" src=\"https:\/\/albert.radom.pl\/wp-content\/uploads\/2024\/10\/463055461_847140500923818_1011076731230478921_n-150x150.jpg\" class=\"attachment-thumbnail size-thumbnail\" alt=\"\" \/><\/a>\n\t\t\t<\/div><\/figure><figure class='gallery-item'>\n\t\t\t<div class='gallery-icon landscape'>\n\t\t\t\t<a href='https:\/\/albert.radom.pl\/wp-content\/uploads\/2024\/10\/463074667_847135507590984_567531916904030441_n.jpg'><img loading=\"lazy\" decoding=\"async\" width=\"150\" height=\"150\" src=\"https:\/\/albert.radom.pl\/wp-content\/uploads\/2024\/10\/463074667_847135507590984_567531916904030441_n-150x150.jpg\" class=\"attachment-thumbnail size-thumbnail\" alt=\"\" \/><\/a>\n\t\t\t<\/div><\/figure><figure class='gallery-item'>\n\t\t\t<div class='gallery-icon landscape'>\n\t\t\t\t<a href='https:\/\/albert.radom.pl\/wp-content\/uploads\/2024\/10\/463075715_847140540923814_718478970752678173_n.jpg'><img loading=\"lazy\" decoding=\"async\" width=\"150\" height=\"150\" src=\"https:\/\/albert.radom.pl\/wp-content\/uploads\/2024\/10\/463075715_847140540923814_718478970752678173_n-150x150.jpg\" class=\"attachment-thumbnail size-thumbnail\" alt=\"\" \/><\/a>\n\t\t\t<\/div><\/figure><figure class='gallery-item'>\n\t\t\t<div class='gallery-icon landscape'>\n\t\t\t\t<a href='https:\/\/albert.radom.pl\/wp-content\/uploads\/2024\/10\/463075735_847135577590977_5535516138149380500_n.jpg'><img loading=\"lazy\" decoding=\"async\" width=\"150\" height=\"150\" src=\"https:\/\/albert.radom.pl\/wp-content\/uploads\/2024\/10\/463075735_847135577590977_5535516138149380500_n-150x150.jpg\" class=\"attachment-thumbnail size-thumbnail\" alt=\"\" \/><\/a>\n\t\t\t<\/div><\/figure><figure class='gallery-item'>\n\t\t\t<div class='gallery-icon landscape'>\n\t\t\t\t<a href='https:\/\/albert.radom.pl\/wp-content\/uploads\/2024\/10\/463126373_847140490923819_4365872334534374165_n.jpg'><img loading=\"lazy\" decoding=\"async\" width=\"150\" height=\"150\" src=\"https:\/\/albert.radom.pl\/wp-content\/uploads\/2024\/10\/463126373_847140490923819_4365872334534374165_n-150x150.jpg\" class=\"attachment-thumbnail size-thumbnail\" alt=\"\" \/><\/a>\n\t\t\t<\/div><\/figure><figure class='gallery-item'>\n\t\t\t<div class='gallery-icon landscape'>\n\t\t\t\t<a href='https:\/\/albert.radom.pl\/wp-content\/uploads\/2024\/10\/463406410_847135430924325_2093253371089630092_n.jpg'><img loading=\"lazy\" decoding=\"async\" width=\"150\" height=\"150\" src=\"https:\/\/albert.radom.pl\/wp-content\/uploads\/2024\/10\/463406410_847135430924325_2093253371089630092_n-150x150.jpg\" class=\"attachment-thumbnail size-thumbnail\" alt=\"\" \/><\/a>\n\t\t\t<\/div><\/figure>\n\t\t<\/div>\n\n","protected":false},"excerpt":{"rendered":"<p>W poniedzia\u0142kowy wiecz\u00f3r w naszej parafii odby\u0142 si\u0119 Rejonowy Kr\u0105g par animatorskich Domowego Ko\u015bcio\u0142a.<\/p>\n","protected":false},"author":1,"featured_media":6300,"comment_status":"closed","ping_status":"closed","sticky":false,"template":"","format":"standard","meta":{"footnotes":""},"categories":[19,42],"tags":[],"class_list":["post-6294","post","type-post","status-publish","format-standard","has-post-thumbnail","hentry","category-aktualnosci","category-domowy-kosciol"],"featured_image_urls":{"full":["https:\/\/albert.radom.pl\/wp-content\/uploads\/2024\/10\/463075735_847135577590977_5535516138149380500_n.jpg",2048,1536,false],"thumbnail":["https:\/\/albert.radom.pl\/wp-content\/uploads\/2024\/10\/463075735_847135577590977_5535516138149380500_n-150x150.jpg",150,150,true],"medium":["https:\/\/albert.radom.pl\/wp-content\/uploads\/2024\/10\/463075735_847135577590977_5535516138149380500_n-300x225.jpg",300,225,true],"medium_large":["https:\/\/albert.radom.pl\/wp-content\/uploads\/2024\/10\/463075735_847135577590977_5535516138149380500_n-768x576.jpg",640,480,true],"large":["https:\/\/albert.radom.pl\/wp-content\/uploads\/2024\/10\/463075735_847135577590977_5535516138149380500_n-1024x768.jpg",640,480,true],"1536x1536":["https:\/\/albert.radom.pl\/wp-content\/uploads\/2024\/10\/463075735_847135577590977_5535516138149380500_n-1536x1152.jpg",1536,1152,true],"2048x2048":["https:\/\/albert.radom.pl\/wp-content\/uploads\/2024\/10\/463075735_847135577590977_5535516138149380500_n.jpg",2048,1536,false],"newsever-slider-full":["https:\/\/albert.radom.pl\/wp-content\/uploads\/2024\/10\/463075735_847135577590977_5535516138149380500_n-1280x845.jpg",1280,845,true],"newsever-featured":["https:\/\/albert.radom.pl\/wp-content\/uploads\/2024\/10\/463075735_847135577590977_5535516138149380500_n-1024x768.jpg",1024,768,true],"newsever-medium":["https:\/\/albert.radom.pl\/wp-content\/uploads\/2024\/10\/463075735_847135577590977_5535516138149380500_n-720x475.jpg",720,475,true]},"author_info":{"display_name":"xdar","author_link":"https:\/\/albert.radom.pl\/?author=1"},"category_info":"<a href=\"https:\/\/albert.radom.pl\/?cat=19\" rel=\"category\">Aktualno\u015bci<\/a> <a href=\"https:\/\/albert.radom.pl\/?cat=42\" rel=\"category\">Domowy Ko\u015bci\u00f3\u0142<\/a>","tag_info":"Domowy Ko\u015bci\u00f3\u0142","comment_count":"0","_links":{"self":[{"href":"https:\/\/albert.radom.pl\/index.php?rest_route=\/wp\/v2\/posts\/6294","targetHints":{"allow":["GET"]}}],"collection":[{"href":"https:\/\/albert.radom.pl\/index.php?rest_route=\/wp\/v2\/posts"}],"about":[{"href":"https:\/\/albert.radom.pl\/index.php?rest_route=\/wp\/v2\/types\/post"}],"author":[{"embeddable":true,"href":"https:\/\/albert.radom.pl\/index.php?rest_route=\/wp\/v2\/users\/1"}],"replies":[{"embeddable":true,"href":"https:\/\/albert.radom.pl\/index.php?rest_route=%2Fwp%2Fv2%2Fcomments&post=6294"}],"version-history":[{"count":1,"href":"https:\/\/albert.radom.pl\/index.php?rest_route=\/wp\/v2\/posts\/6294\/revisions"}],"predecessor-version":[{"id":6303,"href":"https:\/\/albert.radom.pl\/index.php?rest_route=\/wp\/v2\/posts\/6294\/revisions\/6303"}],"wp:featuredmedia":[{"embeddable":true,"href":"https:\/\/albert.radom.pl\/index.php?rest_route=\/wp\/v2\/media\/6300"}],"wp:attachment":[{"href":"https:\/\/albert.radom.pl\/index.php?rest_route=%2Fwp%2Fv2%2Fmedia&parent=6294"}],"wp:term":[{"taxonomy":"category","embeddable":true,"href":"https:\/\/albert.radom.pl\/index.php?rest_route=%2Fwp%2Fv2%2Fcategories&post=6294"},{"taxonomy":"post_tag","embeddable":true,"href":"https:\/\/albert.radom.pl\/index.php?rest_route=%2Fwp%2Fv2%2Ftags&post=6294"}],"curies":[{"name":"wp","href":"https:\/\/api.w.org\/{rel}","templated":true}]}}