{"id":6316,"date":"2024-10-28T19:12:57","date_gmt":"2024-10-28T18:12:57","guid":{"rendered":"https:\/\/albert.radom.pl\/?p=6316"},"modified":"2024-10-28T19:14:13","modified_gmt":"2024-10-28T18:14:13","slug":"meski-rozaniec","status":"publish","type":"post","link":"https:\/\/albert.radom.pl\/?p=6316","title":{"rendered":"M\u0119ski R\u00f3\u017caniec"},"content":{"rendered":"<p>Rycerze Kolumba zapraszaj\u0105 m\u0119\u017cczyzn na Msz\u0119 \u015aw. 3 listopada o godz. 15.00. Po Mszy \u015bw. M\u0119ski R\u00f3\u017caniec za Ojczyzn\u0119 i pok\u00f3j w \u015bwiecie przy krzy\u017cu na naszym osiedlu.<\/p>\n<p style=\"text-align: center;\"><img loading=\"lazy\" decoding=\"async\" class=\"aligncenter size-large wp-image-6317\" src=\"https:\/\/albert.radom.pl\/wp-content\/uploads\/2024\/10\/464395121_950110533816768_2733922268308987771_n-724x1024.jpg\" alt=\"\" width=\"640\" height=\"905\" srcset=\"https:\/\/albert.radom.pl\/wp-content\/uploads\/2024\/10\/464395121_950110533816768_2733922268308987771_n-724x1024.jpg 724w, https:\/\/albert.radom.pl\/wp-content\/uploads\/2024\/10\/464395121_950110533816768_2733922268308987771_n-212x300.jpg 212w, https:\/\/albert.radom.pl\/wp-content\/uploads\/2024\/10\/464395121_950110533816768_2733922268308987771_n-768x1087.jpg 768w, https:\/\/albert.radom.pl\/wp-content\/uploads\/2024\/10\/464395121_950110533816768_2733922268308987771_n-1085x1536.jpg 1085w, https:\/\/albert.radom.pl\/wp-content\/uploads\/2024\/10\/464395121_950110533816768_2733922268308987771_n-1024x1449.jpg 1024w, https:\/\/albert.radom.pl\/wp-content\/uploads\/2024\/10\/464395121_950110533816768_2733922268308987771_n.jpg 1130w\" sizes=\"auto, (max-width: 640px) 100vw, 640px\" \/><\/p>\n","protected":false},"excerpt":{"rendered":"<p>Rycerze Kolumba zapraszaj\u0105 m\u0119\u017cczyzn na Msz\u0119 \u015aw. 3 listopada o godz. 15.00. Po Mszy \u015bw&#8230;.<\/p>\n","protected":false},"author":1,"featured_media":6319,"comment_status":"closed","ping_status":"closed","sticky":false,"template":"","format":"standard","meta":{"footnotes":""},"categories":[19,34],"tags":[],"class_list":["post-6316","post","type-post","status-publish","format-standard","has-post-thumbnail","hentry","category-aktualnosci","category-rycerze-kolumba"],"featured_image_urls":{"full":["https:\/\/albert.radom.pl\/wp-content\/uploads\/2024\/10\/464395121_950110533816768_2733922268308987771_n-kopia.jpg",1096,817,false],"thumbnail":["https:\/\/albert.radom.pl\/wp-content\/uploads\/2024\/10\/464395121_950110533816768_2733922268308987771_n-kopia-150x150.jpg",150,150,true],"medium":["https:\/\/albert.radom.pl\/wp-content\/uploads\/2024\/10\/464395121_950110533816768_2733922268308987771_n-kopia-300x224.jpg",300,224,true],"medium_large":["https:\/\/albert.radom.pl\/wp-content\/uploads\/2024\/10\/464395121_950110533816768_2733922268308987771_n-kopia-768x572.jpg",640,477,true],"large":["https:\/\/albert.radom.pl\/wp-content\/uploads\/2024\/10\/464395121_950110533816768_2733922268308987771_n-kopia-1024x763.jpg",640,477,true],"1536x1536":["https:\/\/albert.radom.pl\/wp-content\/uploads\/2024\/10\/464395121_950110533816768_2733922268308987771_n-kopia.jpg",1096,817,false],"2048x2048":["https:\/\/albert.radom.pl\/wp-content\/uploads\/2024\/10\/464395121_950110533816768_2733922268308987771_n-kopia.jpg",1096,817,false],"newsever-slider-full":["https:\/\/albert.radom.pl\/wp-content\/uploads\/2024\/10\/464395121_950110533816768_2733922268308987771_n-kopia.jpg",1096,817,false],"newsever-featured":["https:\/\/albert.radom.pl\/wp-content\/uploads\/2024\/10\/464395121_950110533816768_2733922268308987771_n-kopia-1024x763.jpg",1024,763,true],"newsever-medium":["https:\/\/albert.radom.pl\/wp-content\/uploads\/2024\/10\/464395121_950110533816768_2733922268308987771_n-kopia-720x475.jpg",720,475,true]},"author_info":{"display_name":"xdar","author_link":"https:\/\/albert.radom.pl\/?author=1"},"category_info":"<a href=\"https:\/\/albert.radom.pl\/?cat=19\" rel=\"category\">Aktualno\u015bci<\/a> <a href=\"https:\/\/albert.radom.pl\/?cat=34\" rel=\"category\">Rycerze Kolumba<\/a>","tag_info":"Rycerze Kolumba","comment_count":"0","_links":{"self":[{"href":"https:\/\/albert.radom.pl\/index.php?rest_route=\/wp\/v2\/posts\/6316","targetHints":{"allow":["GET"]}}],"collection":[{"href":"https:\/\/albert.radom.pl\/index.php?rest_route=\/wp\/v2\/posts"}],"about":[{"href":"https:\/\/albert.radom.pl\/index.php?rest_route=\/wp\/v2\/types\/post"}],"author":[{"embeddable":true,"href":"https:\/\/albert.radom.pl\/index.php?rest_route=\/wp\/v2\/users\/1"}],"replies":[{"embeddable":true,"href":"https:\/\/albert.radom.pl\/index.php?rest_route=%2Fwp%2Fv2%2Fcomments&post=6316"}],"version-history":[{"count":1,"href":"https:\/\/albert.radom.pl\/index.php?rest_route=\/wp\/v2\/posts\/6316\/revisions"}],"predecessor-version":[{"id":6318,"href":"https:\/\/albert.radom.pl\/index.php?rest_route=\/wp\/v2\/posts\/6316\/revisions\/6318"}],"wp:featuredmedia":[{"embeddable":true,"href":"https:\/\/albert.radom.pl\/index.php?rest_route=\/wp\/v2\/media\/6319"}],"wp:attachment":[{"href":"https:\/\/albert.radom.pl\/index.php?rest_route=%2Fwp%2Fv2%2Fmedia&parent=6316"}],"wp:term":[{"taxonomy":"category","embeddable":true,"href":"https:\/\/albert.radom.pl\/index.php?rest_route=%2Fwp%2Fv2%2Fcategories&post=6316"},{"taxonomy":"post_tag","embeddable":true,"href":"https:\/\/albert.radom.pl\/index.php?rest_route=%2Fwp%2Fv2%2Ftags&post=6316"}],"curies":[{"name":"wp","href":"https:\/\/api.w.org\/{rel}","templated":true}]}}