{"id":6375,"date":"2024-11-10T14:44:45","date_gmt":"2024-11-10T13:44:45","guid":{"rendered":"https:\/\/albert.radom.pl\/?p=6375"},"modified":"2024-11-24T16:30:01","modified_gmt":"2024-11-24T15:30:01","slug":"viii-swiatowy-dzien-ubogich","status":"publish","type":"post","link":"https:\/\/albert.radom.pl\/?p=6375","title":{"rendered":"VIII \u015awiatowy Dzie\u0144 Ubogich"},"content":{"rendered":"<p>W najbli\u017csz\u0105 niedziel\u0119 17 listopada b\u0119dziemy po raz \u00f3smy obchodzi\u0107 \u015awiatowy Dzie\u0144 Ubogich, kt\u00f3ry zosta\u0142 ustanowiony przez papie\u017ca Franciszka w 2016 roku, jako owoc Roku Mi\u0142osierdzia.<!--more--><\/p>\n<p>Tegoroczny \u015awiatowy Dzie\u0144 Ubogich, b\u0119dziemy obchodzi\u0107 pod has\u0142em: Modlitwa Ubogiego dociera do Boga (Syr. 21.5).<br \/>\nProgram Dnia Ubogich b\u0119dzie nast\u0119puj\u0105cy: o godz. 16.00 zapraszamy do domu parafialnego, do sali konferencyjnej do kawiarenki, o godz. 17.00 odb\u0119dzie si\u0119 spotkanie z naszym Go\u015bciem Grzegorzem Czerwickim \u2013 autorem ksi\u0105\u017cki \u201dNie jeste\u015b skazany\u201d i \u015bwiadectwo autora. O godz. 18.00 &#8211; Msza \u015bw. w intencji ubogich, bezdomnych i Woluntariuszy, kt\u00f3rej b\u0119dzie przewodniczy\u0142 i kazanie wyg\u0142osi ks. Karol Pi\u0142at zast\u0119pca Dyrektora Caritas naszej diecezji. Po Mszy \u015bw. Nabo\u017ce\u0144stwo do \u015bw. Brata Alberta Patrona Bractwa Mi\u0142osierdzia \u2013 Przyjaci\u00f3\u0142 Bezdomnych.<\/p>\n<p style=\"text-align: center;\"><img loading=\"lazy\" decoding=\"async\" class=\"aligncenter size-full wp-image-6377\" src=\"https:\/\/albert.radom.pl\/wp-content\/uploads\/2024\/11\/image0.jpeg\" alt=\"\" width=\"520\" height=\"650\" srcset=\"https:\/\/albert.radom.pl\/wp-content\/uploads\/2024\/11\/image0.jpeg 520w, https:\/\/albert.radom.pl\/wp-content\/uploads\/2024\/11\/image0-240x300.jpeg 240w\" sizes=\"auto, (max-width: 520px) 100vw, 520px\" \/><\/p>\n","protected":false},"excerpt":{"rendered":"<p>W najbli\u017csz\u0105 niedziel\u0119 17 listopada b\u0119dziemy po raz \u00f3smy obchodzi\u0107 \u015awiatowy Dzie\u0144 Ubogich, kt\u00f3ry zosta\u0142&#8230;<\/p>\n","protected":false},"author":1,"featured_media":6376,"comment_status":"closed","ping_status":"closed","sticky":false,"template":"","format":"standard","meta":{"footnotes":""},"categories":[19,55],"tags":[],"class_list":["post-6375","post","type-post","status-publish","format-standard","has-post-thumbnail","hentry","category-aktualnosci","category-przyjaciele-bezdomnych"],"featured_image_urls":{"full":["https:\/\/albert.radom.pl\/wp-content\/uploads\/2024\/11\/image0.png",940,788,false],"thumbnail":["https:\/\/albert.radom.pl\/wp-content\/uploads\/2024\/11\/image0-150x150.png",150,150,true],"medium":["https:\/\/albert.radom.pl\/wp-content\/uploads\/2024\/11\/image0-300x251.png",300,251,true],"medium_large":["https:\/\/albert.radom.pl\/wp-content\/uploads\/2024\/11\/image0-768x644.png",640,537,true],"large":["https:\/\/albert.radom.pl\/wp-content\/uploads\/2024\/11\/image0.png",640,537,false],"1536x1536":["https:\/\/albert.radom.pl\/wp-content\/uploads\/2024\/11\/image0.png",940,788,false],"2048x2048":["https:\/\/albert.radom.pl\/wp-content\/uploads\/2024\/11\/image0.png",940,788,false],"newsever-slider-full":["https:\/\/albert.radom.pl\/wp-content\/uploads\/2024\/11\/image0.png",940,788,false],"newsever-featured":["https:\/\/albert.radom.pl\/wp-content\/uploads\/2024\/11\/image0.png",940,788,false],"newsever-medium":["https:\/\/albert.radom.pl\/wp-content\/uploads\/2024\/11\/image0-720x475.png",720,475,true]},"author_info":{"display_name":"xdar","author_link":"https:\/\/albert.radom.pl\/?author=1"},"category_info":"<a href=\"https:\/\/albert.radom.pl\/?cat=19\" rel=\"category\">Aktualno\u015bci<\/a> <a href=\"https:\/\/albert.radom.pl\/?cat=55\" rel=\"category\">Przyjaciele bezdomnych<\/a>","tag_info":"Przyjaciele bezdomnych","comment_count":"0","_links":{"self":[{"href":"https:\/\/albert.radom.pl\/index.php?rest_route=\/wp\/v2\/posts\/6375","targetHints":{"allow":["GET"]}}],"collection":[{"href":"https:\/\/albert.radom.pl\/index.php?rest_route=\/wp\/v2\/posts"}],"about":[{"href":"https:\/\/albert.radom.pl\/index.php?rest_route=\/wp\/v2\/types\/post"}],"author":[{"embeddable":true,"href":"https:\/\/albert.radom.pl\/index.php?rest_route=\/wp\/v2\/users\/1"}],"replies":[{"embeddable":true,"href":"https:\/\/albert.radom.pl\/index.php?rest_route=%2Fwp%2Fv2%2Fcomments&post=6375"}],"version-history":[{"count":1,"href":"https:\/\/albert.radom.pl\/index.php?rest_route=\/wp\/v2\/posts\/6375\/revisions"}],"predecessor-version":[{"id":6378,"href":"https:\/\/albert.radom.pl\/index.php?rest_route=\/wp\/v2\/posts\/6375\/revisions\/6378"}],"wp:featuredmedia":[{"embeddable":true,"href":"https:\/\/albert.radom.pl\/index.php?rest_route=\/wp\/v2\/media\/6376"}],"wp:attachment":[{"href":"https:\/\/albert.radom.pl\/index.php?rest_route=%2Fwp%2Fv2%2Fmedia&parent=6375"}],"wp:term":[{"taxonomy":"category","embeddable":true,"href":"https:\/\/albert.radom.pl\/index.php?rest_route=%2Fwp%2Fv2%2Fcategories&post=6375"},{"taxonomy":"post_tag","embeddable":true,"href":"https:\/\/albert.radom.pl\/index.php?rest_route=%2Fwp%2Fv2%2Ftags&post=6375"}],"curies":[{"name":"wp","href":"https:\/\/api.w.org\/{rel}","templated":true}]}}