{"id":6429,"date":"2024-11-24T17:02:13","date_gmt":"2024-11-24T16:02:13","guid":{"rendered":"https:\/\/albert.radom.pl\/?p=6429"},"modified":"2024-11-24T17:04:07","modified_gmt":"2024-11-24T16:04:07","slug":"pomoc-powodzianom","status":"publish","type":"post","link":"https:\/\/albert.radom.pl\/?p=6429","title":{"rendered":"Pomoc powodzianom"},"content":{"rendered":"<p>Wolontariusze zwi\u0105zani ze wsp\u00f3lnotami dzia\u0142aj\u0105cymi w naszej parafii nadal pomagaj\u0105 powodzianom.<!--more--><\/p>\n<p>Pomagali\u015bmy dotychczas mieszka\u0144com w Trzebieszowicach. Teraz pragniemy pom\u00f3c rodzinie w Lewinie Brzeskim. Ich dom zosta\u0142 zniszczony przez pow\u00f3d\u017a, a kilka dni potem wichura na dodatek porwa\u0142a im dach. Chcemy zakupi\u0107 i zawie\u017a\u0107 na miejsce 7 okien, styropian , meble kuchenne, meble pokojowe, \u0142\u00f3\u017cka, kanapy &#8211; 3 sztuki , nagrzewnice na paliwo, nagrzewnice elektryczn\u0105 , tynk tradycyjny wapienny, gips szpachlowy, farb\u0119 emulsyjn\u0105 bia\u0142\u0105, okablowanie elektryczne i swoj\u0105 prac\u0119. Jeszcze potrzebujemy: Kominek z p\u0142aszczem wodnym na pe\u0142en 15 KW, piec na pe\u0142en, \u017celazko 2 szt., telewizor, zlewozmywak dwukomorowy z szafk\u0105, trzy kurtki ciep\u0142e m\u0119skie rozmiar XL, XL, XXL (tylko nie czarna), cerata na st\u00f3\u0142, linoleum 16m, p\u00f3\u0142ki \u0142azienkowe, pralka 2 szt. w\u0119giel 5 ton, szambo, suszark\u0119 do w\u0142os\u00f3w, odkurzacz, deska do prasowania, mikser, prze\u015bcierad\u0142o z gumk\u0105 160x 200, czajnik elektryczny, zestaw gar\u00f3w, patelni, talerzy, sztu\u0107ce, po\u015bciel.<br \/>\nWidzicie kochani, \u017ce potrzeb jest du\u017co dlatego w przysz\u0142\u0105 niedziel\u0119 wolontariusze z naszej parafii b\u0119d\u0105 zbiera\u0107 do puszek dobrowolne datki na ten cel &#8211; by pom\u00f3c tam gdzie obiecana pomoc nie dotar\u0142a. Przed Bo\u017cym Narodzeniem przeka\u017cemy Wam informacj\u0119 ile uda\u0142o si\u0119 pom\u00f3c powodzianom jako parafia. Za to zaanga\u017cowanie ludzi dobrej woli z serca dzi\u0119kujemy.<br \/>\n<span style=\"text-decoration: underline;\"><strong>Kontakt: Kasia Cielecka 510 217 043<\/strong><\/span><\/p>\n<div id='gallery-1' class='gallery galleryid-6429 gallery-columns-5 gallery-size-thumbnail'><figure class='gallery-item'>\n\t\t\t<div class='gallery-icon portrait'>\n\t\t\t\t<a href='https:\/\/albert.radom.pl\/wp-content\/uploads\/2024\/11\/468019241_874938904810644_2264458517112779140_n.jpg'><img loading=\"lazy\" decoding=\"async\" width=\"150\" height=\"150\" src=\"https:\/\/albert.radom.pl\/wp-content\/uploads\/2024\/11\/468019241_874938904810644_2264458517112779140_n-150x150.jpg\" class=\"attachment-thumbnail size-thumbnail\" alt=\"\" \/><\/a>\n\t\t\t<\/div><\/figure><figure class='gallery-item'>\n\t\t\t<div class='gallery-icon landscape'>\n\t\t\t\t<a href='https:\/\/albert.radom.pl\/wp-content\/uploads\/2024\/11\/468073785_874938738143994_3058226448706432305_n.jpg'><img loading=\"lazy\" decoding=\"async\" width=\"150\" height=\"150\" src=\"https:\/\/albert.radom.pl\/wp-content\/uploads\/2024\/11\/468073785_874938738143994_3058226448706432305_n-150x150.jpg\" class=\"attachment-thumbnail size-thumbnail\" alt=\"\" \/><\/a>\n\t\t\t<\/div><\/figure><figure class='gallery-item'>\n\t\t\t<div class='gallery-icon landscape'>\n\t\t\t\t<a href='https:\/\/albert.radom.pl\/wp-content\/uploads\/2024\/11\/468153537_874938791477322_3932524801223035509_n.jpg'><img loading=\"lazy\" decoding=\"async\" width=\"150\" height=\"150\" src=\"https:\/\/albert.radom.pl\/wp-content\/uploads\/2024\/11\/468153537_874938791477322_3932524801223035509_n-150x150.jpg\" class=\"attachment-thumbnail size-thumbnail\" alt=\"\" \/><\/a>\n\t\t\t<\/div><\/figure><figure class='gallery-item'>\n\t\t\t<div class='gallery-icon landscape'>\n\t\t\t\t<a href='https:\/\/albert.radom.pl\/wp-content\/uploads\/2024\/11\/468299449_874938958143972_7709350272008543040_n.jpg'><img loading=\"lazy\" decoding=\"async\" width=\"150\" height=\"150\" src=\"https:\/\/albert.radom.pl\/wp-content\/uploads\/2024\/11\/468299449_874938958143972_7709350272008543040_n-150x150.jpg\" class=\"attachment-thumbnail size-thumbnail\" alt=\"\" \/><\/a>\n\t\t\t<\/div><\/figure><figure class='gallery-item'>\n\t\t\t<div class='gallery-icon landscape'>\n\t\t\t\t<a href='https:\/\/albert.radom.pl\/wp-content\/uploads\/2024\/11\/468336638_874938851477316_441525913639307777_n.jpg'><img loading=\"lazy\" decoding=\"async\" width=\"150\" height=\"150\" src=\"https:\/\/albert.radom.pl\/wp-content\/uploads\/2024\/11\/468336638_874938851477316_441525913639307777_n-150x150.jpg\" class=\"attachment-thumbnail size-thumbnail\" alt=\"\" \/><\/a>\n\t\t\t<\/div><\/figure><figure class='gallery-item'>\n\t\t\t<div class='gallery-icon portrait'>\n\t\t\t\t<a href='https:\/\/albert.radom.pl\/wp-content\/uploads\/2024\/11\/468364132_874920731479128_545586511343854844_n.jpg'><img loading=\"lazy\" decoding=\"async\" width=\"150\" height=\"150\" src=\"https:\/\/albert.radom.pl\/wp-content\/uploads\/2024\/11\/468364132_874920731479128_545586511343854844_n-150x150.jpg\" class=\"attachment-thumbnail size-thumbnail\" alt=\"\" \/><\/a>\n\t\t\t<\/div><\/figure><figure class='gallery-item'>\n\t\t\t<div class='gallery-icon portrait'>\n\t\t\t\t<a href='https:\/\/albert.radom.pl\/wp-content\/uploads\/2024\/11\/468396969_874920691479132_1484113269590711907_n.jpg'><img loading=\"lazy\" decoding=\"async\" width=\"150\" height=\"150\" src=\"https:\/\/albert.radom.pl\/wp-content\/uploads\/2024\/11\/468396969_874920691479132_1484113269590711907_n-150x150.jpg\" class=\"attachment-thumbnail size-thumbnail\" alt=\"\" \/><\/a>\n\t\t\t<\/div><\/figure>\n\t\t<\/div>\n\n","protected":false},"excerpt":{"rendered":"<p>Wolontariusze zwi\u0105zani ze wsp\u00f3lnotami dzia\u0142aj\u0105cymi w naszej parafii nadal pomagaj\u0105 powodzianom.<\/p>\n","protected":false},"author":1,"featured_media":6435,"comment_status":"closed","ping_status":"closed","sticky":false,"template":"","format":"standard","meta":{"footnotes":""},"categories":[19],"tags":[],"class_list":["post-6429","post","type-post","status-publish","format-standard","has-post-thumbnail","hentry","category-aktualnosci"],"featured_image_urls":{"full":["https:\/\/albert.radom.pl\/wp-content\/uploads\/2024\/11\/468364132_874920731479128_545586511343854844_n.jpg",1496,2048,false],"thumbnail":["https:\/\/albert.radom.pl\/wp-content\/uploads\/2024\/11\/468364132_874920731479128_545586511343854844_n-150x150.jpg",150,150,true],"medium":["https:\/\/albert.radom.pl\/wp-content\/uploads\/2024\/11\/468364132_874920731479128_545586511343854844_n-219x300.jpg",219,300,true],"medium_large":["https:\/\/albert.radom.pl\/wp-content\/uploads\/2024\/11\/468364132_874920731479128_545586511343854844_n-768x1051.jpg",640,876,true],"large":["https:\/\/albert.radom.pl\/wp-content\/uploads\/2024\/11\/468364132_874920731479128_545586511343854844_n-748x1024.jpg",640,876,true],"1536x1536":["https:\/\/albert.radom.pl\/wp-content\/uploads\/2024\/11\/468364132_874920731479128_545586511343854844_n-1122x1536.jpg",1122,1536,true],"2048x2048":["https:\/\/albert.radom.pl\/wp-content\/uploads\/2024\/11\/468364132_874920731479128_545586511343854844_n.jpg",1496,2048,false],"newsever-slider-full":["https:\/\/albert.radom.pl\/wp-content\/uploads\/2024\/11\/468364132_874920731479128_545586511343854844_n-1280x845.jpg",1280,845,true],"newsever-featured":["https:\/\/albert.radom.pl\/wp-content\/uploads\/2024\/11\/468364132_874920731479128_545586511343854844_n-1024x1402.jpg",1024,1402,true],"newsever-medium":["https:\/\/albert.radom.pl\/wp-content\/uploads\/2024\/11\/468364132_874920731479128_545586511343854844_n-720x475.jpg",720,475,true]},"author_info":{"display_name":"xdar","author_link":"https:\/\/albert.radom.pl\/?author=1"},"category_info":"<a href=\"https:\/\/albert.radom.pl\/?cat=19\" rel=\"category\">Aktualno\u015bci<\/a>","tag_info":"Aktualno\u015bci","comment_count":"0","_links":{"self":[{"href":"https:\/\/albert.radom.pl\/index.php?rest_route=\/wp\/v2\/posts\/6429","targetHints":{"allow":["GET"]}}],"collection":[{"href":"https:\/\/albert.radom.pl\/index.php?rest_route=\/wp\/v2\/posts"}],"about":[{"href":"https:\/\/albert.radom.pl\/index.php?rest_route=\/wp\/v2\/types\/post"}],"author":[{"embeddable":true,"href":"https:\/\/albert.radom.pl\/index.php?rest_route=\/wp\/v2\/users\/1"}],"replies":[{"embeddable":true,"href":"https:\/\/albert.radom.pl\/index.php?rest_route=%2Fwp%2Fv2%2Fcomments&post=6429"}],"version-history":[{"count":3,"href":"https:\/\/albert.radom.pl\/index.php?rest_route=\/wp\/v2\/posts\/6429\/revisions"}],"predecessor-version":[{"id":6439,"href":"https:\/\/albert.radom.pl\/index.php?rest_route=\/wp\/v2\/posts\/6429\/revisions\/6439"}],"wp:featuredmedia":[{"embeddable":true,"href":"https:\/\/albert.radom.pl\/index.php?rest_route=\/wp\/v2\/media\/6435"}],"wp:attachment":[{"href":"https:\/\/albert.radom.pl\/index.php?rest_route=%2Fwp%2Fv2%2Fmedia&parent=6429"}],"wp:term":[{"taxonomy":"category","embeddable":true,"href":"https:\/\/albert.radom.pl\/index.php?rest_route=%2Fwp%2Fv2%2Fcategories&post=6429"},{"taxonomy":"post_tag","embeddable":true,"href":"https:\/\/albert.radom.pl\/index.php?rest_route=%2Fwp%2Fv2%2Ftags&post=6429"}],"curies":[{"name":"wp","href":"https:\/\/api.w.org\/{rel}","templated":true}]}}