{"id":6470,"date":"2024-12-01T21:41:11","date_gmt":"2024-12-01T20:41:11","guid":{"rendered":"https:\/\/albert.radom.pl\/?p=6470"},"modified":"2024-12-01T21:41:11","modified_gmt":"2024-12-01T20:41:11","slug":"list-biskupa-radomskiego-na-pierwsza-niedziele-adwentu-2024-r","status":"publish","type":"post","link":"https:\/\/albert.radom.pl\/?p=6470","title":{"rendered":"List Biskupa Radomskiego na Pierwsz\u0105 Niedziel\u0119 Adwentu 2024 r."},"content":{"rendered":"<p>\u2013 Niech rozpoczynaj\u0105cy si\u0119 czas Adwentu i \u0142aski Roku Jubileuszowego przynios\u0105 umocnienie naszej wiary oraz odnowienie nadziei w ca\u0142ej wsp\u00f3lnocie naszej diecezji radomskiej. <!--more-->Oto pe\u0142na \u00a0tre\u015b\u0107 listu:<\/p>\n<p style=\"text-align: center;\"><strong>List Biskupa Radomskiego na Pierwsz\u0105 Niedziel\u0119 Adwentu 2024 r.<\/strong><\/p>\n<p>Drodzy bracia i siostry!<\/p>\n<p>B\u00f3g w Swojej opatrzno\u015bci wprowadza nas w kolejny etap \u017cycia i wiary, jaki rozpoczynamy pierwsz\u0105 Niedziel\u0105 Adwentu. Otrzymujemy wyj\u0105tkow\u0105 okazj\u0119, aby przyjmuj\u0105c s\u0142owa proroka Jeremiasza dostrzec z wi\u0119ksz\u0105 wra\u017cliwo\u015bci\u0105 obecno\u015b\u0107 Boga w naszym \u017cyciu i nie w\u0105tpi\u0107, \u017ce wspiera nas Swoj\u0105 opiek\u0105, a Jego dzie\u0142a wype\u0142niaj\u0105 si\u0119 tak\u017ce dzisiaj.<\/p>\n<p>Przes\u0142anie Pana Jezusa z dzisiejszej ewangelii otworzy\u0142o przed nami dramatyczne obrazy, kt\u00f3re potrafi\u0105 odebra\u0107 spok\u00f3j i zach\u0119ca\u0107 do szukania odpowiedzi na pytanie o miejsce Boga w naszym \u017cyciu. Mo\u017ce \u0142atwiej by\u0142oby niekt\u00f3rym zatrzyma\u0107 si\u0119 na znakach nieba i ziemi oraz zachowaniu ludzi, kt\u00f3rzy reaguj\u0105 na wydarzenia \u015bwiatowe, kt\u00f3re maj\u0105 wp\u0142yw na ich \u017cycie. Ka\u017cdy z nas zapewne potrafi\u0142by przywo\u0142a\u0107 takie prze\u017cycia i zapami\u0119tane sytuacje, kt\u00f3re zmusza\u0142y nas do wytrwa\u0142o\u015bci w \u017cyciowych powo\u0142aniach oraz zrozumienia sensu duchowych do\u015bwiadcze\u0144. Wa\u017cne jest, aby\u015bmy w ewangelicznym or\u0119dziu przede wszystkim przyj\u0119li zach\u0119t\u0119 do umocnienia lub odkrycia na nowo daru blisko\u015bci Boga. Warto ws\u0142ucha\u0107 si\u0119 w s\u0142owa papie\u017ca Franciszka z ostatniej encykliki o mi\u0142o\u015bci ludzkiej i Bo\u017cej Serca Jezusa Chrystusa \u2013 Dilexit nos. Ojciec \u015bwi\u0119ty stawia nas przy Jezusie Chrystusie i przekonuje: \u201ePoniewa\u017c trudno nam zaufa\u0107, bo zostali\u015bmy zranieni przez tak wiele fa\u0142szu, agresji i rozczarowa\u0144, On szepcze nam do ucha: \u201eUfaj synu\u201d, \u201eUfaj c\u00f3rko\u201d! Chodzi o przezwyci\u0119\u017cenie strachu i zrozumienie, \u017ce z Nim nie mamy nic do stracenia. \/\u2026\/ Mo\u017cemy w\u0105tpi\u0107 w ludzi, ale nie w Niego. I nie zatrzymuj si\u0119 z powodu swoich grzech\u00f3w. \/\u2026\/ Ten sam Jezus czeka dzi\u015b, aby\u015b umo\u017cliwi\u0142 Mu o\u015bwieci\u0107 twoje \u017cycie, podnie\u015b\u0107 ci\u0119, nape\u0142ni\u0107 ciebie Jego moc\u0105. \/\u2026\/ On zawsze znajduje spos\u00f3b, aby objawi\u0107 si\u0119 w twoim \u017cyciu i by\u015b m\u00f3g\u0142 Go spotka\u0107\u201d (Papie\u017c Franciszek, Encyklika Dilexit nos, n. 37-38).<\/p>\n<p>Przypomniana przez papie\u017ca tajemnica blisko\u015bci Boga jest szczeg\u00f3lnie zwi\u0105zana z najbli\u017cszym czasem. Okres adwentu jest dla nas wyj\u0105tkowym darem do\u015bwiadczenia \u017cycia Boga. Jak pi\u0119kna jest tradycja naszego uczestnictwa w Mszach \u015awi\u0119tych roratnich, w tak wielu parafiach poprzedzanych \u015bpiewem Godzinek o Niepokalanym Pocz\u0119ciu Naj\u015bwi\u0119tszej Maryi Panny. Tak wiele oddania jest w owocnym prze\u017cywaniu rekolekcji adwentowych i godnym przyj\u0119ciu sakramentu pokuty, dzi\u0119ki kt\u00f3remu odnawiamy i umacniamy nasze \u017cycie z Bogiem. W naszym \u017cyciu i po\u015br\u00f3d naszych wsp\u00f3lnot wype\u0142niaj\u0105 si\u0119 s\u0142owa \u015bw. Paw\u0142a Aposto\u0142a z dzisiejszego fragmentu Listu do Tesaloniczan: \u201eStawajcie si\u0119 coraz doskonalszymi\u201d (1 Tes 4, 1).<\/p>\n<p>Pierwsza Niedziela Adwentu wprowadza nas tak\u017ce w do\u015bwiadczenie wsp\u00f3lnoty Ko\u015bcio\u0142a, kt\u00f3ry jest w Polsce oraz Ko\u015bcio\u0142a powszechnego. W wigili\u0119 uroczysto\u015bci Bo\u017cego Narodzenia papie\u017c Franciszek otworzy Drzwi \u015awi\u0119te w Bazylice \u015aw. Piotra na Watykanie i zainauguruje Rok Jubileuszowy. W ko\u015bcio\u0142ach katedralnych na ca\u0142ym \u015bwiecie, inauguracja Roku Jubileuszowego odb\u0119dzie si\u0119 kilka dni p\u00f3\u017aniej w Niedziel\u0119 \u015awi\u0119tej Rodziny (29 grudnia 2024 r.). Ojciec \u015bwi\u0119ty zaprasza nas: \u201eNiech to b\u0119dzie dla wszystkich wydarzenie \u017cywego i osobistego spotkania z Panem Jezusem, \u201ebram\u0105\u201d zbawienia (por. J 10, 7.9); z Tym, kt\u00f3rego Ko\u015bci\u00f3\u0142 ma misj\u0119 g\u0142oszenia zawsze, wsz\u0119dzie i wszystkim jako \u201enasz\u0105 nadziej\u0119\u201d (1 Tm 1, 1) \u2013 Papie\u017c Franciszek, Bulla Spes non confundit, n. 1).<\/p>\n<p>Has\u0142em tego roku s\u0105 s\u0142owa: \u201ePielgrzymi nadziei\u201d. Jest to dla nas okazja do wdzi\u0119czno\u015bci za wszystkich, kt\u00f3rych \u017cycie ka\u017cdego dnia jest \u015bwiadectwem nadziei wpisanym w ofiarne \u017cycie, po\u015bwi\u0119cenie dla innych, oddanie w dzie\u0142ach mi\u0142osierdzia i bezwarunkow\u0105 trosk\u0119 o uczynienie \u017cycia innych lepszym. Jest to r\u00f3wnie\u017c zach\u0119ta do w\u0142\u0105czenia si\u0119 ka\u017cdego w dzie\u0142o umacniania i odnawiania nadziei w bli\u017anich. Bogactwo dar\u00f3w Roku Jubileuszowego zawiera w sobie tak\u017ce \u0142ask\u0119 odpust\u00f3w. S\u0105 one bardzo szczeg\u00f3lnym przypomnieniem o \u017cyciu duchowym i naszej odpowiedzialno\u015bci za tajemnice Boga w naszym \u017cyciu. W naszych decyzjach zawiera si\u0119 tajemnica ludzkiej odpowiedzi na mi\u0142o\u015b\u0107 Boga i \u015bwiadectwo wierno\u015bci prowadz\u0105cej ku \u015bwi\u0119to\u015bci lub znak niedoskona\u0142o\u015bci wyra\u017cony w naszych grzechach. Niech Rok Jubileuszowy b\u0119dzie czasem naszej troski o gorliwe \u017cycie wiary i przemian\u0119 duchow\u0105, kt\u00f3ra dope\u0142nia si\u0119 w sakramencie pokuty. Ojciec \u015bwi\u0119ty Franciszek zach\u0119ca nas tak\u017ce, aby\u015bmy czerpali ze skarbca Bo\u017cego mi\u0142osierdzia przyjmuj\u0105c dar opustu. W bulli og\u0142aszaj\u0105cej Rok Jubileuszowy Papie\u017c napisa\u0142: \u201eJednak\u017ce, jak wiemy z osobistego do\u015bwiadczenia, grzech \u201epozostawia \u015blad\u201d, poci\u0105ga za sob\u0105 konsekwencje: nie tylko zewn\u0119trzne, je\u015bli chodzi o nast\u0119pstwa pope\u0142nionego z\u0142a, ale tak\u017ce wewn\u0119trzne, poniewa\u017c \u201eka\u017cdy grzech, nawet powszedni, powoduje ponadto nieuporz\u0105dkowane przywi\u0105zanie do stworze\u0144, kt\u00f3re wymaga oczyszczenia, albo na ziemi, albo po \u015bmierci, w stanie nazywanym czy\u015b\u0107cem\u201d [18]. Tak wi\u0119c w naszym s\u0142abym i sk\u0142onnym do z\u0142a cz\u0142owiecze\u0144stwie trwaj\u0105 \u201epozosta\u0142e skutki grzechu\u201d. S\u0105 one usuwane przez odpust, zawsze dzi\u0119ki \u0142asce Chrystusa, kt\u00f3ry, jak pisa\u0142 \u015bw. Pawe\u0142 VI, jest \u201enaszym \u00abodpustem\u00bb\u201d (Papie\u017c Franciszek, Bulla Spes non confundit, n. 23). Przyjmijmy z nadziej\u0105 te s\u0142owa i z oddaniem prze\u017cywajmy nasze \u017cycie z Bogiem, kt\u00f3re On pragnie umocni\u0107 w nas poprzez \u0142aski Roku Jubileuszowego. W naszej diecezji radomskiej b\u0119dzie dwadzie\u015bcia ko\u015bcio\u0142\u00f3w jubileuszowych, kt\u00f3re poprzez nasz\u0105 ufno\u015b\u0107 w mi\u0142osierdzie Bo\u017ce i gotowo\u015b\u0107 do przyj\u0119cia Jego \u0142aski mog\u0105 sta\u0107 si\u0119 dla nas umocnieniem na drogach nadziei i prawdziw\u0105 bram\u0105 do nieba.<\/p>\n<p>Drodzy bracia i siostry!<\/p>\n<p>Niech rozpoczynaj\u0105cy si\u0119 czas Adwentu i \u0142aski Roku Jubileuszowego przynios\u0105 umocnienie naszej wiary oraz odnowienie nadziei w ca\u0142ej wsp\u00f3lnocie naszej diecezji radomskiej.<\/p>\n<p>Wasz biskup Marek<\/p>\n","protected":false},"excerpt":{"rendered":"<p>\u2013 Niech rozpoczynaj\u0105cy si\u0119 czas Adwentu i \u0142aski Roku Jubileuszowego przynios\u0105 umocnienie naszej wiary oraz&#8230;<\/p>\n","protected":false},"author":1,"featured_media":6471,"comment_status":"closed","ping_status":"closed","sticky":false,"template":"","format":"standard","meta":{"footnotes":""},"categories":[19,67,61],"tags":[],"class_list":["post-6470","post","type-post","status-publish","format-standard","has-post-thumbnail","hentry","category-aktualnosci","category-bp-marek-solarczyk","category-czytelnia"],"featured_image_urls":{"full":["https:\/\/albert.radom.pl\/wp-content\/uploads\/2024\/12\/468656801_879394231031778_209816425921354005_n.jpg",1024,681,false],"thumbnail":["https:\/\/albert.radom.pl\/wp-content\/uploads\/2024\/12\/468656801_879394231031778_209816425921354005_n-150x150.jpg",150,150,true],"medium":["https:\/\/albert.radom.pl\/wp-content\/uploads\/2024\/12\/468656801_879394231031778_209816425921354005_n-300x200.jpg",300,200,true],"medium_large":["https:\/\/albert.radom.pl\/wp-content\/uploads\/2024\/12\/468656801_879394231031778_209816425921354005_n-768x511.jpg",640,426,true],"large":["https:\/\/albert.radom.pl\/wp-content\/uploads\/2024\/12\/468656801_879394231031778_209816425921354005_n.jpg",640,426,false],"1536x1536":["https:\/\/albert.radom.pl\/wp-content\/uploads\/2024\/12\/468656801_879394231031778_209816425921354005_n.jpg",1024,681,false],"2048x2048":["https:\/\/albert.radom.pl\/wp-content\/uploads\/2024\/12\/468656801_879394231031778_209816425921354005_n.jpg",1024,681,false],"newsever-slider-full":["https:\/\/albert.radom.pl\/wp-content\/uploads\/2024\/12\/468656801_879394231031778_209816425921354005_n.jpg",1024,681,false],"newsever-featured":["https:\/\/albert.radom.pl\/wp-content\/uploads\/2024\/12\/468656801_879394231031778_209816425921354005_n.jpg",1024,681,false],"newsever-medium":["https:\/\/albert.radom.pl\/wp-content\/uploads\/2024\/12\/468656801_879394231031778_209816425921354005_n-720x475.jpg",720,475,true]},"author_info":{"display_name":"xdar","author_link":"https:\/\/albert.radom.pl\/?author=1"},"category_info":"<a href=\"https:\/\/albert.radom.pl\/?cat=19\" rel=\"category\">Aktualno\u015bci<\/a> <a href=\"https:\/\/albert.radom.pl\/?cat=67\" rel=\"category\">Bp Marek Solarczyk<\/a> <a href=\"https:\/\/albert.radom.pl\/?cat=61\" rel=\"category\">Czytelnia<\/a>","tag_info":"Czytelnia","comment_count":"0","_links":{"self":[{"href":"https:\/\/albert.radom.pl\/index.php?rest_route=\/wp\/v2\/posts\/6470","targetHints":{"allow":["GET"]}}],"collection":[{"href":"https:\/\/albert.radom.pl\/index.php?rest_route=\/wp\/v2\/posts"}],"about":[{"href":"https:\/\/albert.radom.pl\/index.php?rest_route=\/wp\/v2\/types\/post"}],"author":[{"embeddable":true,"href":"https:\/\/albert.radom.pl\/index.php?rest_route=\/wp\/v2\/users\/1"}],"replies":[{"embeddable":true,"href":"https:\/\/albert.radom.pl\/index.php?rest_route=%2Fwp%2Fv2%2Fcomments&post=6470"}],"version-history":[{"count":1,"href":"https:\/\/albert.radom.pl\/index.php?rest_route=\/wp\/v2\/posts\/6470\/revisions"}],"predecessor-version":[{"id":6472,"href":"https:\/\/albert.radom.pl\/index.php?rest_route=\/wp\/v2\/posts\/6470\/revisions\/6472"}],"wp:featuredmedia":[{"embeddable":true,"href":"https:\/\/albert.radom.pl\/index.php?rest_route=\/wp\/v2\/media\/6471"}],"wp:attachment":[{"href":"https:\/\/albert.radom.pl\/index.php?rest_route=%2Fwp%2Fv2%2Fmedia&parent=6470"}],"wp:term":[{"taxonomy":"category","embeddable":true,"href":"https:\/\/albert.radom.pl\/index.php?rest_route=%2Fwp%2Fv2%2Fcategories&post=6470"},{"taxonomy":"post_tag","embeddable":true,"href":"https:\/\/albert.radom.pl\/index.php?rest_route=%2Fwp%2Fv2%2Ftags&post=6470"}],"curies":[{"name":"wp","href":"https:\/\/api.w.org\/{rel}","templated":true}]}}