{"id":6473,"date":"2024-12-01T21:47:09","date_gmt":"2024-12-01T20:47:09","guid":{"rendered":"https:\/\/albert.radom.pl\/?p=6473"},"modified":"2024-12-01T21:48:16","modified_gmt":"2024-12-01T20:48:16","slug":"roraty-2024-droga-sercem-malowana","status":"publish","type":"post","link":"https:\/\/albert.radom.pl\/?p=6473","title":{"rendered":"Roraty 2024 \u2013 \u201eDroga sercem malowana\u201d"},"content":{"rendered":"<p>Adwent, jako okres przygotowania na przyj\u015bcie Chrystusa.<!--more--><\/p>\n<p>Dzi\u0119ki pi\u0119knej tradycji Mszy \u015awi\u0119tych zwanych roratami tworzy si\u0119 w naszych ko\u015bcio\u0142ach niezwyk\u0142a i niepor\u00f3wnywalna z niczym atmosfera oczekiwania i zadumy nad tajemnic\u0105 Wcielenia Syna Bo\u017cego. Obchodz\u0105c jubileusz 400-lecia powstania Zgromadzenia Ksi\u0119\u017cy Misjonarzy, kt\u00f3remu pocz\u0105tek da\u0142 \u015bw. Wincenty a Paulo, patron dzie\u0142 mi\u0142osierdzia w Ko\u015bciele, wyruszamy do Betlejem na spotkanie Dzieci\u0105tka Jezus. Prowadzi\u0107 je b\u0119dzie w\u0142a\u015bnie \u015bw. Wincenty. Podczas tej adwentowej w\u0119dr\u00f3wki b\u0119dzie on nas uczy\u0142 wyobra\u017ani mi\u0142osierdzia i dostrzegania Boga przychodz\u0105cego w drugim cz\u0142owieku.<\/p>\n<p><strong>Zapraszamy dzieci i m\u0142odzie\u017c \u00a0na roraty codziennie na godz. 18.00.<\/strong> Zach\u0119cam dzieci, aby na Msze \u015bw. roratni\u0105 przynosi\u0142y lampiony z kt\u00f3rymi b\u0119dziemy szli w procesji.<\/p>\n<p><iframe loading=\"lazy\" title=\"Piosenka roratnia 2024 - \u201eDroga sercem malowana\u201d | Roraty z \u201eMa\u0142ym Go\u015bciem\u201d\" width=\"640\" height=\"360\" src=\"https:\/\/www.youtube.com\/embed\/gku3mchnxfo?start=118&#038;feature=oembed\" frameborder=\"0\" allow=\"accelerometer; autoplay; clipboard-write; encrypted-media; gyroscope; picture-in-picture; web-share\" referrerpolicy=\"strict-origin-when-cross-origin\" allowfullscreen><\/iframe><\/p>\n","protected":false},"excerpt":{"rendered":"<p>Adwent, jako okres przygotowania na przyj\u015bcie Chrystusa.<\/p>\n","protected":false},"author":1,"featured_media":6474,"comment_status":"closed","ping_status":"closed","sticky":false,"template":"","format":"standard","meta":{"footnotes":""},"categories":[78,19],"tags":[],"class_list":["post-6473","post","type-post","status-publish","format-standard","has-post-thumbnail","hentry","category-adwent","category-aktualnosci"],"featured_image_urls":{"full":["https:\/\/albert.radom.pl\/wp-content\/uploads\/2024\/12\/1e670b555ae149cb84c047f89abbad79.jpeg",1200,650,false],"thumbnail":["https:\/\/albert.radom.pl\/wp-content\/uploads\/2024\/12\/1e670b555ae149cb84c047f89abbad79-150x150.jpeg",150,150,true],"medium":["https:\/\/albert.radom.pl\/wp-content\/uploads\/2024\/12\/1e670b555ae149cb84c047f89abbad79-300x163.jpeg",300,163,true],"medium_large":["https:\/\/albert.radom.pl\/wp-content\/uploads\/2024\/12\/1e670b555ae149cb84c047f89abbad79-768x416.jpeg",640,347,true],"large":["https:\/\/albert.radom.pl\/wp-content\/uploads\/2024\/12\/1e670b555ae149cb84c047f89abbad79-1024x555.jpeg",640,347,true],"1536x1536":["https:\/\/albert.radom.pl\/wp-content\/uploads\/2024\/12\/1e670b555ae149cb84c047f89abbad79.jpeg",1200,650,false],"2048x2048":["https:\/\/albert.radom.pl\/wp-content\/uploads\/2024\/12\/1e670b555ae149cb84c047f89abbad79.jpeg",1200,650,false],"newsever-slider-full":["https:\/\/albert.radom.pl\/wp-content\/uploads\/2024\/12\/1e670b555ae149cb84c047f89abbad79.jpeg",1200,650,false],"newsever-featured":["https:\/\/albert.radom.pl\/wp-content\/uploads\/2024\/12\/1e670b555ae149cb84c047f89abbad79-1024x555.jpeg",1024,555,true],"newsever-medium":["https:\/\/albert.radom.pl\/wp-content\/uploads\/2024\/12\/1e670b555ae149cb84c047f89abbad79-720x475.jpeg",720,475,true]},"author_info":{"display_name":"xdar","author_link":"https:\/\/albert.radom.pl\/?author=1"},"category_info":"<a href=\"https:\/\/albert.radom.pl\/?cat=78\" rel=\"category\">Adwent<\/a> <a href=\"https:\/\/albert.radom.pl\/?cat=19\" rel=\"category\">Aktualno\u015bci<\/a>","tag_info":"Aktualno\u015bci","comment_count":"0","_links":{"self":[{"href":"https:\/\/albert.radom.pl\/index.php?rest_route=\/wp\/v2\/posts\/6473","targetHints":{"allow":["GET"]}}],"collection":[{"href":"https:\/\/albert.radom.pl\/index.php?rest_route=\/wp\/v2\/posts"}],"about":[{"href":"https:\/\/albert.radom.pl\/index.php?rest_route=\/wp\/v2\/types\/post"}],"author":[{"embeddable":true,"href":"https:\/\/albert.radom.pl\/index.php?rest_route=\/wp\/v2\/users\/1"}],"replies":[{"embeddable":true,"href":"https:\/\/albert.radom.pl\/index.php?rest_route=%2Fwp%2Fv2%2Fcomments&post=6473"}],"version-history":[{"count":3,"href":"https:\/\/albert.radom.pl\/index.php?rest_route=\/wp\/v2\/posts\/6473\/revisions"}],"predecessor-version":[{"id":6477,"href":"https:\/\/albert.radom.pl\/index.php?rest_route=\/wp\/v2\/posts\/6473\/revisions\/6477"}],"wp:featuredmedia":[{"embeddable":true,"href":"https:\/\/albert.radom.pl\/index.php?rest_route=\/wp\/v2\/media\/6474"}],"wp:attachment":[{"href":"https:\/\/albert.radom.pl\/index.php?rest_route=%2Fwp%2Fv2%2Fmedia&parent=6473"}],"wp:term":[{"taxonomy":"category","embeddable":true,"href":"https:\/\/albert.radom.pl\/index.php?rest_route=%2Fwp%2Fv2%2Fcategories&post=6473"},{"taxonomy":"post_tag","embeddable":true,"href":"https:\/\/albert.radom.pl\/index.php?rest_route=%2Fwp%2Fv2%2Ftags&post=6473"}],"curies":[{"name":"wp","href":"https:\/\/api.w.org\/{rel}","templated":true}]}}