{"id":6512,"date":"2024-12-09T18:41:10","date_gmt":"2024-12-09T17:41:10","guid":{"rendered":"https:\/\/albert.radom.pl\/?p=6512"},"modified":"2024-12-22T21:08:59","modified_gmt":"2024-12-22T20:08:59","slug":"6512","status":"publish","type":"post","link":"https:\/\/albert.radom.pl\/?p=6512","title":{"rendered":"Rekolekcje Adwentowe"},"content":{"rendered":"<p>W przysz\u0142\u0105 niedziel\u0119 rozpoczynamy nasze adwentowe rekolekcje, <!--more-->kt\u00f3re b\u0119dzie prowadzi\u0142 ks. dr Grzegorz Potrzebowski. Rodzic\u00f3w z dzie\u0107mi zapraszamy na godz. 11.00. Na pozosta\u0142ych Mszach \u015aw. nauki og\u00f3lne dla wszystkich.<\/p>\n<p style=\"text-align: center;\"><strong>III Niedziela Adwentu 15.12.2024<\/strong><br \/>\n7.00 Msza \u015bw. z nauk\u0105 og\u00f3ln\u0105<br \/>\n9.00 Msza \u015bw. z nauk\u0105 og\u00f3ln\u0105<br \/>\n11.00 Msza \u015aw. z nauka dla dzieci i rodzic\u00f3w<br \/>\n12.30 Msza \u015aw. z nauk\u0105 og\u00f3ln\u0105<br \/>\n18.00 Msza \u015aw. z nauk\u0105 og\u00f3ln\u0105<\/p>\n<p style=\"text-align: center;\"><strong>Poniedzia\u0142ek 16.12.2024<\/strong><br \/>\n7.00 Msza \u015bw. z nauk\u0105 og\u00f3ln\u0105<br \/>\n9.00 Msza \u015bw. z nauk\u0105 og\u00f3ln\u0105<br \/>\n18.00 Msza \u015aw. z nauk\u0105 og\u00f3ln\u0105<\/p>\n<p style=\"text-align: center;\"><strong>Wtorek 17.12.2024<\/strong><br \/>\n7.00 Msza \u015bw. z nauk\u0105 og\u00f3ln\u0105<br \/>\n9.00 Msza \u015bw. z nauk\u0105 og\u00f3ln\u0105<br \/>\n18.00 Msza \u015aw. z nauk\u0105 og\u00f3ln\u0105<\/p>\n<p style=\"text-align: center;\"><strong>\u015aroda 18.12.2024<\/strong><br \/>\n7.00 Msza \u015bw. z nauk\u0105 og\u00f3ln\u0105<br \/>\n9.00 Msza \u015bw. z nauk\u0105 og\u00f3ln\u0105<br \/>\n18.00 Msza \u015aw. z nauk\u0105 og\u00f3ln\u0105<\/p>\n<p style=\"text-align: center;\"><strong>Czwartek 19.12.2024 \u2013 Sakrament Pokuty<\/strong><br \/>\n<strong><span style=\"color: #800080;\">Spowied\u017a od godz. 9.00 do 11.30 i po po\u0142udniu 15.30 do 18.00<\/span><\/strong><br \/>\n<strong><span style=\"color: #800080;\">Msze \u015bw. o godz. 7.00; 9.00; 18.00<\/span><\/strong><\/p>\n","protected":false},"excerpt":{"rendered":"<p>W przysz\u0142\u0105 niedziel\u0119 rozpoczynamy nasze adwentowe rekolekcje,<\/p>\n","protected":false},"author":1,"featured_media":999,"comment_status":"closed","ping_status":"closed","sticky":false,"template":"","format":"standard","meta":{"footnotes":""},"categories":[78,19],"tags":[],"class_list":["post-6512","post","type-post","status-publish","format-standard","has-post-thumbnail","hentry","category-adwent","category-aktualnosci"],"featured_image_urls":{"full":["https:\/\/albert.radom.pl\/wp-content\/uploads\/2022\/11\/rekolekcje_adwentowe.jpg",420,294,false],"thumbnail":["https:\/\/albert.radom.pl\/wp-content\/uploads\/2022\/11\/rekolekcje_adwentowe-150x150.jpg",150,150,true],"medium":["https:\/\/albert.radom.pl\/wp-content\/uploads\/2022\/11\/rekolekcje_adwentowe-300x210.jpg",300,210,true],"medium_large":["https:\/\/albert.radom.pl\/wp-content\/uploads\/2022\/11\/rekolekcje_adwentowe.jpg",420,294,false],"large":["https:\/\/albert.radom.pl\/wp-content\/uploads\/2022\/11\/rekolekcje_adwentowe.jpg",420,294,false],"1536x1536":["https:\/\/albert.radom.pl\/wp-content\/uploads\/2022\/11\/rekolekcje_adwentowe.jpg",420,294,false],"2048x2048":["https:\/\/albert.radom.pl\/wp-content\/uploads\/2022\/11\/rekolekcje_adwentowe.jpg",420,294,false],"newsever-slider-full":["https:\/\/albert.radom.pl\/wp-content\/uploads\/2022\/11\/rekolekcje_adwentowe.jpg",420,294,false],"newsever-featured":["https:\/\/albert.radom.pl\/wp-content\/uploads\/2022\/11\/rekolekcje_adwentowe.jpg",420,294,false],"newsever-medium":["https:\/\/albert.radom.pl\/wp-content\/uploads\/2022\/11\/rekolekcje_adwentowe.jpg",420,294,false]},"author_info":{"display_name":"xdar","author_link":"https:\/\/albert.radom.pl\/?author=1"},"category_info":"<a href=\"https:\/\/albert.radom.pl\/?cat=78\" rel=\"category\">Adwent<\/a> <a href=\"https:\/\/albert.radom.pl\/?cat=19\" rel=\"category\">Aktualno\u015bci<\/a>","tag_info":"Aktualno\u015bci","comment_count":"0","_links":{"self":[{"href":"https:\/\/albert.radom.pl\/index.php?rest_route=\/wp\/v2\/posts\/6512","targetHints":{"allow":["GET"]}}],"collection":[{"href":"https:\/\/albert.radom.pl\/index.php?rest_route=\/wp\/v2\/posts"}],"about":[{"href":"https:\/\/albert.radom.pl\/index.php?rest_route=\/wp\/v2\/types\/post"}],"author":[{"embeddable":true,"href":"https:\/\/albert.radom.pl\/index.php?rest_route=\/wp\/v2\/users\/1"}],"replies":[{"embeddable":true,"href":"https:\/\/albert.radom.pl\/index.php?rest_route=%2Fwp%2Fv2%2Fcomments&post=6512"}],"version-history":[{"count":2,"href":"https:\/\/albert.radom.pl\/index.php?rest_route=\/wp\/v2\/posts\/6512\/revisions"}],"predecessor-version":[{"id":6514,"href":"https:\/\/albert.radom.pl\/index.php?rest_route=\/wp\/v2\/posts\/6512\/revisions\/6514"}],"wp:featuredmedia":[{"embeddable":true,"href":"https:\/\/albert.radom.pl\/index.php?rest_route=\/wp\/v2\/media\/999"}],"wp:attachment":[{"href":"https:\/\/albert.radom.pl\/index.php?rest_route=%2Fwp%2Fv2%2Fmedia&parent=6512"}],"wp:term":[{"taxonomy":"category","embeddable":true,"href":"https:\/\/albert.radom.pl\/index.php?rest_route=%2Fwp%2Fv2%2Fcategories&post=6512"},{"taxonomy":"post_tag","embeddable":true,"href":"https:\/\/albert.radom.pl\/index.php?rest_route=%2Fwp%2Fv2%2Ftags&post=6512"}],"curies":[{"name":"wp","href":"https:\/\/api.w.org\/{rel}","templated":true}]}}