{"id":6551,"date":"2024-12-18T21:01:12","date_gmt":"2024-12-18T20:01:12","guid":{"rendered":"https:\/\/albert.radom.pl\/?p=6551"},"modified":"2024-12-20T21:05:38","modified_gmt":"2024-12-20T20:05:38","slug":"wigilia-potrzebujacych","status":"publish","type":"post","link":"https:\/\/albert.radom.pl\/?p=6551","title":{"rendered":"Wigilia potrzebuj\u0105cych"},"content":{"rendered":"<p>Jak ka\u017cdego roku wolontariusze Bractwa \u015bw. Brata Alberta Przyjaciele Bezdomnych przygotowali dla swoich podopiecznych spotkanie wigilijne <!--more-->podczas kt\u00f3rego Ksi\u0105dz Proboszcz tradycyjnie odczyta\u0142 fragment Ewangelii wg \u015bw. \u0141ukasza oraz z\u0142o\u017cy\u0142 \u017cyczenia. Po wsp\u00f3lnym dzieleniu si\u0119 op\u0142atkiem przybyli zasiedli do \u015bwi\u0105tecznego sto\u0142u by posili si\u0119 ciep\u0142ym posi\u0142kiem. Nie zabrak\u0142o r\u00f3wnie\u017c prezent\u00f3w jakie przygotowali Przyjaciele Bezdomnych.<br \/>\nPi\u0119kny czas, kiedy s\u0142owo o mi\u0142o\u015bci bli\u017aniego staje si\u0119 cia\u0142em po\u015br\u00f3d nas. Dzi\u0119kujemy za ca\u0142oroczn\u0105 pos\u0142ug\u0119 wolontariuszy w\u015br\u00f3d os\u00f3b do\u015bwiadczaj\u0105cych bezdomno\u015bci i \u017cyczymy by trwali w tym stawaniu si\u0119 dobrym jak chleb.<\/p>\n<div id='gallery-1' class='gallery galleryid-6551 gallery-columns-5 gallery-size-thumbnail'><figure class='gallery-item'>\n\t\t\t<div class='gallery-icon landscape'>\n\t\t\t\t<a href='https:\/\/albert.radom.pl\/wp-content\/uploads\/2024\/12\/471149051_891726796465188_5010042916676915523_n.jpg'><img loading=\"lazy\" decoding=\"async\" width=\"150\" height=\"150\" src=\"https:\/\/albert.radom.pl\/wp-content\/uploads\/2024\/12\/471149051_891726796465188_5010042916676915523_n-150x150.jpg\" class=\"attachment-thumbnail size-thumbnail\" alt=\"\" \/><\/a>\n\t\t\t<\/div><\/figure><figure class='gallery-item'>\n\t\t\t<div class='gallery-icon landscape'>\n\t\t\t\t<a href='https:\/\/albert.radom.pl\/wp-content\/uploads\/2024\/12\/471135314_891727286465139_8020291356040560374_n.jpg'><img loading=\"lazy\" decoding=\"async\" width=\"150\" height=\"150\" src=\"https:\/\/albert.radom.pl\/wp-content\/uploads\/2024\/12\/471135314_891727286465139_8020291356040560374_n-150x150.jpg\" class=\"attachment-thumbnail size-thumbnail\" alt=\"\" \/><\/a>\n\t\t\t<\/div><\/figure><figure class='gallery-item'>\n\t\t\t<div class='gallery-icon landscape'>\n\t\t\t\t<a href='https:\/\/albert.radom.pl\/wp-content\/uploads\/2024\/12\/471081998_891727303131804_5791088920374010535_n.jpg'><img loading=\"lazy\" decoding=\"async\" width=\"150\" height=\"150\" src=\"https:\/\/albert.radom.pl\/wp-content\/uploads\/2024\/12\/471081998_891727303131804_5791088920374010535_n-150x150.jpg\" class=\"attachment-thumbnail size-thumbnail\" alt=\"\" \/><\/a>\n\t\t\t<\/div><\/figure><figure class='gallery-item'>\n\t\t\t<div class='gallery-icon landscape'>\n\t\t\t\t<a href='https:\/\/albert.radom.pl\/wp-content\/uploads\/2024\/12\/470890284_891726863131848_7644531177576283410_n.jpg'><img loading=\"lazy\" decoding=\"async\" width=\"150\" height=\"150\" src=\"https:\/\/albert.radom.pl\/wp-content\/uploads\/2024\/12\/470890284_891726863131848_7644531177576283410_n-150x150.jpg\" class=\"attachment-thumbnail size-thumbnail\" alt=\"\" \/><\/a>\n\t\t\t<\/div><\/figure><figure class='gallery-item'>\n\t\t\t<div class='gallery-icon landscape'>\n\t\t\t\t<a href='https:\/\/albert.radom.pl\/wp-content\/uploads\/2024\/12\/470880687_891726936465174_2433745988942439341_n.jpg'><img loading=\"lazy\" decoding=\"async\" width=\"150\" height=\"150\" src=\"https:\/\/albert.radom.pl\/wp-content\/uploads\/2024\/12\/470880687_891726936465174_2433745988942439341_n-150x150.jpg\" class=\"attachment-thumbnail size-thumbnail\" alt=\"\" \/><\/a>\n\t\t\t<\/div><\/figure><figure class='gallery-item'>\n\t\t\t<div class='gallery-icon landscape'>\n\t\t\t\t<a href='https:\/\/albert.radom.pl\/wp-content\/uploads\/2024\/12\/470867633_891726953131839_6585042759293778134_n.jpg'><img loading=\"lazy\" decoding=\"async\" width=\"150\" height=\"150\" src=\"https:\/\/albert.radom.pl\/wp-content\/uploads\/2024\/12\/470867633_891726953131839_6585042759293778134_n-150x150.jpg\" class=\"attachment-thumbnail size-thumbnail\" alt=\"\" \/><\/a>\n\t\t\t<\/div><\/figure><figure class='gallery-item'>\n\t\t\t<div class='gallery-icon landscape'>\n\t\t\t\t<a href='https:\/\/albert.radom.pl\/wp-content\/uploads\/2024\/12\/470863736_891727229798478_8668978904113963731_n.jpg'><img loading=\"lazy\" decoding=\"async\" width=\"150\" height=\"150\" src=\"https:\/\/albert.radom.pl\/wp-content\/uploads\/2024\/12\/470863736_891727229798478_8668978904113963731_n-150x150.jpg\" class=\"attachment-thumbnail size-thumbnail\" alt=\"\" \/><\/a>\n\t\t\t<\/div><\/figure><figure class='gallery-item'>\n\t\t\t<div class='gallery-icon landscape'>\n\t\t\t\t<a href='https:\/\/albert.radom.pl\/wp-content\/uploads\/2024\/12\/470699725_891726823131852_3275759125688997753_n.jpg'><img loading=\"lazy\" decoding=\"async\" width=\"150\" height=\"150\" src=\"https:\/\/albert.radom.pl\/wp-content\/uploads\/2024\/12\/470699725_891726823131852_3275759125688997753_n-150x150.jpg\" class=\"attachment-thumbnail size-thumbnail\" alt=\"\" \/><\/a>\n\t\t\t<\/div><\/figure><figure class='gallery-item'>\n\t\t\t<div class='gallery-icon landscape'>\n\t\t\t\t<a href='https:\/\/albert.radom.pl\/wp-content\/uploads\/2024\/12\/470670404_891727249798476_771547811441583000_n.jpg'><img loading=\"lazy\" decoding=\"async\" width=\"150\" height=\"150\" src=\"https:\/\/albert.radom.pl\/wp-content\/uploads\/2024\/12\/470670404_891727249798476_771547811441583000_n-150x150.jpg\" class=\"attachment-thumbnail size-thumbnail\" alt=\"\" \/><\/a>\n\t\t\t<\/div><\/figure>\n\t\t<\/div>\n\n","protected":false},"excerpt":{"rendered":"<p>Jak ka\u017cdego roku wolontariusze Bractwa \u015bw. Brata Alberta Przyjaciele Bezdomnych przygotowali dla swoich podopiecznych spotkanie&#8230;<\/p>\n","protected":false},"author":1,"featured_media":6560,"comment_status":"closed","ping_status":"closed","sticky":false,"template":"","format":"standard","meta":{"footnotes":""},"categories":[19,68,55],"tags":[],"class_list":["post-6551","post","type-post","status-publish","format-standard","has-post-thumbnail","hentry","category-aktualnosci","category-boze-narodzenie","category-przyjaciele-bezdomnych"],"featured_image_urls":{"full":["https:\/\/albert.radom.pl\/wp-content\/uploads\/2024\/12\/471149051_891726796465188_5010042916676915523_n.jpg",1600,1200,false],"thumbnail":["https:\/\/albert.radom.pl\/wp-content\/uploads\/2024\/12\/471149051_891726796465188_5010042916676915523_n-150x150.jpg",150,150,true],"medium":["https:\/\/albert.radom.pl\/wp-content\/uploads\/2024\/12\/471149051_891726796465188_5010042916676915523_n-300x225.jpg",300,225,true],"medium_large":["https:\/\/albert.radom.pl\/wp-content\/uploads\/2024\/12\/471149051_891726796465188_5010042916676915523_n-768x576.jpg",640,480,true],"large":["https:\/\/albert.radom.pl\/wp-content\/uploads\/2024\/12\/471149051_891726796465188_5010042916676915523_n-1024x768.jpg",640,480,true],"1536x1536":["https:\/\/albert.radom.pl\/wp-content\/uploads\/2024\/12\/471149051_891726796465188_5010042916676915523_n-1536x1152.jpg",1536,1152,true],"2048x2048":["https:\/\/albert.radom.pl\/wp-content\/uploads\/2024\/12\/471149051_891726796465188_5010042916676915523_n.jpg",1600,1200,false],"newsever-slider-full":["https:\/\/albert.radom.pl\/wp-content\/uploads\/2024\/12\/471149051_891726796465188_5010042916676915523_n-1280x845.jpg",1280,845,true],"newsever-featured":["https:\/\/albert.radom.pl\/wp-content\/uploads\/2024\/12\/471149051_891726796465188_5010042916676915523_n-1024x768.jpg",1024,768,true],"newsever-medium":["https:\/\/albert.radom.pl\/wp-content\/uploads\/2024\/12\/471149051_891726796465188_5010042916676915523_n-720x475.jpg",720,475,true]},"author_info":{"display_name":"xdar","author_link":"https:\/\/albert.radom.pl\/?author=1"},"category_info":"<a href=\"https:\/\/albert.radom.pl\/?cat=19\" rel=\"category\">Aktualno\u015bci<\/a> <a href=\"https:\/\/albert.radom.pl\/?cat=68\" rel=\"category\">Bo\u017ce Narodzenie<\/a> <a href=\"https:\/\/albert.radom.pl\/?cat=55\" rel=\"category\">Przyjaciele bezdomnych<\/a>","tag_info":"Przyjaciele bezdomnych","comment_count":"0","_links":{"self":[{"href":"https:\/\/albert.radom.pl\/index.php?rest_route=\/wp\/v2\/posts\/6551","targetHints":{"allow":["GET"]}}],"collection":[{"href":"https:\/\/albert.radom.pl\/index.php?rest_route=\/wp\/v2\/posts"}],"about":[{"href":"https:\/\/albert.radom.pl\/index.php?rest_route=\/wp\/v2\/types\/post"}],"author":[{"embeddable":true,"href":"https:\/\/albert.radom.pl\/index.php?rest_route=\/wp\/v2\/users\/1"}],"replies":[{"embeddable":true,"href":"https:\/\/albert.radom.pl\/index.php?rest_route=%2Fwp%2Fv2%2Fcomments&post=6551"}],"version-history":[{"count":1,"href":"https:\/\/albert.radom.pl\/index.php?rest_route=\/wp\/v2\/posts\/6551\/revisions"}],"predecessor-version":[{"id":6561,"href":"https:\/\/albert.radom.pl\/index.php?rest_route=\/wp\/v2\/posts\/6551\/revisions\/6561"}],"wp:featuredmedia":[{"embeddable":true,"href":"https:\/\/albert.radom.pl\/index.php?rest_route=\/wp\/v2\/media\/6560"}],"wp:attachment":[{"href":"https:\/\/albert.radom.pl\/index.php?rest_route=%2Fwp%2Fv2%2Fmedia&parent=6551"}],"wp:term":[{"taxonomy":"category","embeddable":true,"href":"https:\/\/albert.radom.pl\/index.php?rest_route=%2Fwp%2Fv2%2Fcategories&post=6551"},{"taxonomy":"post_tag","embeddable":true,"href":"https:\/\/albert.radom.pl\/index.php?rest_route=%2Fwp%2Fv2%2Ftags&post=6551"}],"curies":[{"name":"wp","href":"https:\/\/api.w.org\/{rel}","templated":true}]}}