{"id":6566,"date":"2024-12-22T21:08:34","date_gmt":"2024-12-22T20:08:34","guid":{"rendered":"https:\/\/albert.radom.pl\/?p=6566"},"modified":"2024-12-24T17:01:51","modified_gmt":"2024-12-24T16:01:51","slug":"zapraszamy-na-roraty-z-j-e-bp-markiem-solarczykiem","status":"publish","type":"post","link":"https:\/\/albert.radom.pl\/?p=6566","title":{"rendered":"Zapraszamy na Roraty z J.E. Bp. Markiem Solarczykiem"},"content":{"rendered":"<p>We wtorek 24 grudnia Mszy \u015bw. Roratniej o godz. 7.00 b\u0119dzie przewodniczy\u0142 J.E. Bp Marek Solarczyk. Serdecznie zapraszamy wszystkich wiernych do wsp\u00f3lnej modlitwy.<\/p>\n","protected":false},"excerpt":{"rendered":"<p>We wtorek 24 grudnia Mszy \u015bw. Roratniej o godz. 7.00 b\u0119dzie przewodniczy\u0142 J.E. Bp Marek&#8230;<\/p>\n","protected":false},"author":1,"featured_media":1266,"comment_status":"closed","ping_status":"closed","sticky":false,"template":"","format":"standard","meta":{"footnotes":""},"categories":[78,67],"tags":[],"class_list":["post-6566","post","type-post","status-publish","format-standard","has-post-thumbnail","hentry","category-adwent","category-bp-marek-solarczyk"],"featured_image_urls":{"full":["https:\/\/albert.radom.pl\/wp-content\/uploads\/2022\/12\/Roraty_24-12-2022_129.jpg",1200,892,false],"thumbnail":["https:\/\/albert.radom.pl\/wp-content\/uploads\/2022\/12\/Roraty_24-12-2022_129-150x150.jpg",150,150,true],"medium":["https:\/\/albert.radom.pl\/wp-content\/uploads\/2022\/12\/Roraty_24-12-2022_129-300x223.jpg",300,223,true],"medium_large":["https:\/\/albert.radom.pl\/wp-content\/uploads\/2022\/12\/Roraty_24-12-2022_129-768x571.jpg",640,476,true],"large":["https:\/\/albert.radom.pl\/wp-content\/uploads\/2022\/12\/Roraty_24-12-2022_129-1024x761.jpg",640,476,true],"1536x1536":["https:\/\/albert.radom.pl\/wp-content\/uploads\/2022\/12\/Roraty_24-12-2022_129.jpg",1200,892,false],"2048x2048":["https:\/\/albert.radom.pl\/wp-content\/uploads\/2022\/12\/Roraty_24-12-2022_129.jpg",1200,892,false],"newsever-slider-full":["https:\/\/albert.radom.pl\/wp-content\/uploads\/2022\/12\/Roraty_24-12-2022_129-1200x845.jpg",1200,845,true],"newsever-featured":["https:\/\/albert.radom.pl\/wp-content\/uploads\/2022\/12\/Roraty_24-12-2022_129-1024x761.jpg",1024,761,true],"newsever-medium":["https:\/\/albert.radom.pl\/wp-content\/uploads\/2022\/12\/Roraty_24-12-2022_129-720x475.jpg",720,475,true]},"author_info":{"display_name":"xdar","author_link":"https:\/\/albert.radom.pl\/?author=1"},"category_info":"<a href=\"https:\/\/albert.radom.pl\/?cat=78\" rel=\"category\">Adwent<\/a> <a href=\"https:\/\/albert.radom.pl\/?cat=67\" rel=\"category\">Bp Marek Solarczyk<\/a>","tag_info":"Bp Marek Solarczyk","comment_count":"0","_links":{"self":[{"href":"https:\/\/albert.radom.pl\/index.php?rest_route=\/wp\/v2\/posts\/6566","targetHints":{"allow":["GET"]}}],"collection":[{"href":"https:\/\/albert.radom.pl\/index.php?rest_route=\/wp\/v2\/posts"}],"about":[{"href":"https:\/\/albert.radom.pl\/index.php?rest_route=\/wp\/v2\/types\/post"}],"author":[{"embeddable":true,"href":"https:\/\/albert.radom.pl\/index.php?rest_route=\/wp\/v2\/users\/1"}],"replies":[{"embeddable":true,"href":"https:\/\/albert.radom.pl\/index.php?rest_route=%2Fwp%2Fv2%2Fcomments&post=6566"}],"version-history":[{"count":3,"href":"https:\/\/albert.radom.pl\/index.php?rest_route=\/wp\/v2\/posts\/6566\/revisions"}],"predecessor-version":[{"id":6569,"href":"https:\/\/albert.radom.pl\/index.php?rest_route=\/wp\/v2\/posts\/6566\/revisions\/6569"}],"wp:featuredmedia":[{"embeddable":true,"href":"https:\/\/albert.radom.pl\/index.php?rest_route=\/wp\/v2\/media\/1266"}],"wp:attachment":[{"href":"https:\/\/albert.radom.pl\/index.php?rest_route=%2Fwp%2Fv2%2Fmedia&parent=6566"}],"wp:term":[{"taxonomy":"category","embeddable":true,"href":"https:\/\/albert.radom.pl\/index.php?rest_route=%2Fwp%2Fv2%2Fcategories&post=6566"},{"taxonomy":"post_tag","embeddable":true,"href":"https:\/\/albert.radom.pl\/index.php?rest_route=%2Fwp%2Fv2%2Ftags&post=6566"}],"curies":[{"name":"wp","href":"https:\/\/api.w.org\/{rel}","templated":true}]}}