{"id":6803,"date":"2025-02-27T10:00:24","date_gmt":"2025-02-27T09:00:24","guid":{"rendered":"https:\/\/albert.radom.pl\/?p=6803"},"modified":"2025-02-28T07:57:28","modified_gmt":"2025-02-28T06:57:28","slug":"pogrzeb-sp-haliny-kowalczyk","status":"publish","type":"post","link":"https:\/\/albert.radom.pl\/?p=6803","title":{"rendered":"Pogrzeb \u015bp. Haliny Kowalczyk"},"content":{"rendered":"<p>Z przykro\u015bci\u0105 i \u017calem informujemy, \u017ce dzi\u015b w nocy zmar\u0142a <strong>Pani Halina Kowalczyk<\/strong>, <!--more-->kt\u00f3ra przez wiele lat pracowa\u0142a w naszej wsp\u00f3lnocie parafialnej jako gospodyni domu parafialnego.<\/p>\n<p>Z nadziej\u0105 \u017cycia wiecznego sk\u0142adamy Panu Bogu dzi\u0119ki za jej \u017cycie i po\u015bwi\u0119cenie, a rodzinie wyra\u017camy nasze wsp\u00f3\u0142czucie.<\/p>\n<p style=\"text-align: left;\"><span style=\"color: #ff0000;\"><strong>Pogrzeb odb\u0119dzie si\u0119 28 lutego (pi\u0105tek) 2025 o godz. 13:30 w ko\u015bciele \u015bw. Rafa\u0142a Kalinowskiego na Ustroniu. <\/strong><\/span><\/p>\n<blockquote>\n<p style=\"text-align: center;\">Prosimy Ci\u0119, Panie, zmi\u0142uj si\u0119 w swojej ojcowskiej dobroci nad dusz\u0105 Twojej s\u0142u\u017cebnicy Haliny i wyzwolonej od ska\u017cenia \u015bmierci przywr\u00f3\u0107 udzia\u0142 w wiecznym zbawieniu. Prosimy Ci\u0119, Panie, niech nasza modlitwa uprosi u Twojej dobroci oczyszczenie ze wszystkich win dla duszy Twojej s\u0142u\u017cebnicy Haliny aby osi\u0105gn\u0119\u0142a Twoje wiekuiste mi\u0142osierdzie. Prosimy Ci\u0119, Panie, aby dusza s\u0142u\u017cebnicy Twojej Haliny osi\u0105gn\u0119\u0142a udzia\u0142 w \u015bwi\u0119to\u015bci wiekuistej, kt\u00f3rej zadatek otrzyma\u0142a w Sakramencie wiecznego mi\u0142osierdzia.<br \/>\nPrzez Chrystusa, Pana naszego. Amen.<\/p>\n<\/blockquote>\n","protected":false},"excerpt":{"rendered":"<p>Z przykro\u015bci\u0105 i \u017calem informujemy, \u017ce dzi\u015b w nocy zmar\u0142a Pani Halina Kowalczyk,<\/p>\n","protected":false},"author":1,"featured_media":6804,"comment_status":"closed","ping_status":"closed","sticky":false,"template":"","format":"standard","meta":{"footnotes":""},"categories":[19],"tags":[],"class_list":["post-6803","post","type-post","status-publish","format-standard","has-post-thumbnail","hentry","category-aktualnosci"],"featured_image_urls":{"full":["https:\/\/albert.radom.pl\/wp-content\/uploads\/2025\/02\/481056875_938786335092567_4596932892458508490_n-e1740947597549.jpg",1553,1270,false],"thumbnail":["https:\/\/albert.radom.pl\/wp-content\/uploads\/2025\/02\/481056875_938786335092567_4596932892458508490_n-e1740947597549-150x150.jpg",150,150,true],"medium":["https:\/\/albert.radom.pl\/wp-content\/uploads\/2025\/02\/481056875_938786335092567_4596932892458508490_n-e1740947597549-300x245.jpg",300,245,true],"medium_large":["https:\/\/albert.radom.pl\/wp-content\/uploads\/2025\/02\/481056875_938786335092567_4596932892458508490_n-e1740947597549-768x628.jpg",640,523,true],"large":["https:\/\/albert.radom.pl\/wp-content\/uploads\/2025\/02\/481056875_938786335092567_4596932892458508490_n-e1740947597549-1024x837.jpg",640,523,true],"1536x1536":["https:\/\/albert.radom.pl\/wp-content\/uploads\/2025\/02\/481056875_938786335092567_4596932892458508490_n-e1740947597549-1536x1256.jpg",1536,1256,true],"2048x2048":["https:\/\/albert.radom.pl\/wp-content\/uploads\/2025\/02\/481056875_938786335092567_4596932892458508490_n-e1740947597549.jpg",1553,1270,false],"newsever-slider-full":["https:\/\/albert.radom.pl\/wp-content\/uploads\/2025\/02\/481056875_938786335092567_4596932892458508490_n-e1740947597549-1280x845.jpg",1280,845,true],"newsever-featured":["https:\/\/albert.radom.pl\/wp-content\/uploads\/2025\/02\/481056875_938786335092567_4596932892458508490_n-e1740947597549-1024x837.jpg",1024,837,true],"newsever-medium":["https:\/\/albert.radom.pl\/wp-content\/uploads\/2025\/02\/481056875_938786335092567_4596932892458508490_n-e1740947597549-720x475.jpg",720,475,true]},"author_info":{"display_name":"xdar","author_link":"https:\/\/albert.radom.pl\/?author=1"},"category_info":"<a href=\"https:\/\/albert.radom.pl\/?cat=19\" rel=\"category\">Aktualno\u015bci<\/a>","tag_info":"Aktualno\u015bci","comment_count":"0","_links":{"self":[{"href":"https:\/\/albert.radom.pl\/index.php?rest_route=\/wp\/v2\/posts\/6803","targetHints":{"allow":["GET"]}}],"collection":[{"href":"https:\/\/albert.radom.pl\/index.php?rest_route=\/wp\/v2\/posts"}],"about":[{"href":"https:\/\/albert.radom.pl\/index.php?rest_route=\/wp\/v2\/types\/post"}],"author":[{"embeddable":true,"href":"https:\/\/albert.radom.pl\/index.php?rest_route=\/wp\/v2\/users\/1"}],"replies":[{"embeddable":true,"href":"https:\/\/albert.radom.pl\/index.php?rest_route=%2Fwp%2Fv2%2Fcomments&post=6803"}],"version-history":[{"count":3,"href":"https:\/\/albert.radom.pl\/index.php?rest_route=\/wp\/v2\/posts\/6803\/revisions"}],"predecessor-version":[{"id":6807,"href":"https:\/\/albert.radom.pl\/index.php?rest_route=\/wp\/v2\/posts\/6803\/revisions\/6807"}],"wp:featuredmedia":[{"embeddable":true,"href":"https:\/\/albert.radom.pl\/index.php?rest_route=\/wp\/v2\/media\/6804"}],"wp:attachment":[{"href":"https:\/\/albert.radom.pl\/index.php?rest_route=%2Fwp%2Fv2%2Fmedia&parent=6803"}],"wp:term":[{"taxonomy":"category","embeddable":true,"href":"https:\/\/albert.radom.pl\/index.php?rest_route=%2Fwp%2Fv2%2Fcategories&post=6803"},{"taxonomy":"post_tag","embeddable":true,"href":"https:\/\/albert.radom.pl\/index.php?rest_route=%2Fwp%2Fv2%2Ftags&post=6803"}],"curies":[{"name":"wp","href":"https:\/\/api.w.org\/{rel}","templated":true}]}}