{"id":6808,"date":"2025-03-02T09:40:45","date_gmt":"2025-03-02T08:40:45","guid":{"rendered":"https:\/\/albert.radom.pl\/?p=6808"},"modified":"2025-03-02T09:44:54","modified_gmt":"2025-03-02T08:44:54","slug":"oblubienica-ducha-swietego","status":"publish","type":"post","link":"https:\/\/albert.radom.pl\/?p=6808","title":{"rendered":"Oblubienica Ducha \u015awi\u0119tego"},"content":{"rendered":"<p>W dniach 28 lutego i 1 marca 2025 roku, w malowniczej Kieleckiej Karcz\u00f3wce, odby\u0142 si\u0119 szczeg\u00f3lny Dzie\u0144 Wsp\u00f3lnoty Odnowy w Duchu \u015awi\u0119tym &#8222;Benedictus&#8221;.<!--more--><\/p>\n<p>Spotkanie to mia\u0142o miejsce pod has\u0142em &#8222;Oblubienica Ducha \u015awi\u0119tego&#8221;, kt\u00f3re przyci\u0105gn\u0119\u0142o 18 uczestnik\u00f3w pragn\u0105cych pog\u0142\u0119bi\u0107 swoj\u0105 relacj\u0119 z Bogiem i do\u015bwiadczy\u0107 dzia\u0142ania Ducha \u015awi\u0119tego w swoim \u017cyciu.<\/p>\n<p>Czas wsp\u00f3lnoty rozpocz\u0105\u0142 si\u0119 wsp\u00f3ln\u0105 Eucharysti\u0105, kt\u00f3ra wprowadzi\u0142a uczestnik\u00f3w w atmosfer\u0119 spotkania z Bogiem. By\u0142 to czas, w kt\u00f3rym ka\u017cdy m\u00f3g\u0142 otworzy\u0107 swoje serce na dzia\u0142anie Ducha \u015awi\u0119tego. Prosili\u015bmy by\u015bmy umieli sta\u0107 si\u0119 prawdziw\u0105 Oblubienic\u0105 Ducha \u015awi\u0119tego, gotow\u0105 na przyj\u0119cie Bo\u017cych dar\u00f3w i prowadzenie przez Niego w codziennym \u017cyciu.<\/p>\n<p>Wa\u017cnym punktem tego czasu by\u0142a konferencja, kt\u00f3r\u0105 poprowadzi\u0142 ks. Karol, duszpasterz wsp\u00f3lnoty Benedictus, kt\u00f3ry wyja\u015bni\u0142, czym jest &#8222;Oblubienica Ducha \u015awi\u0119tego&#8221;, odnosz\u0105c si\u0119 do biblijnych symboli i obraz\u00f3w, kt\u00f3re przywo\u0142uj\u0105 relacj\u0119 Ko\u015bcio\u0142a do Ducha \u015awi\u0119tego. Podkre\u015bli\u0142, \u017ce Oblubienica to nie tylko metafora Ko\u015bcio\u0142a, ale tak\u017ce obraz ka\u017cdego wierz\u0105cego, kt\u00f3ry poprzez otwarto\u015b\u0107 na Ducha \u015awi\u0119tego staje si\u0119 Jego narz\u0119dziem na ziemi. Wzorem bycia OBLUBIENIC\u0104 jest Maryja, kt\u00f3ra wypowiedzia\u0142a swoje Fiat w dniu Zwiastowania.<\/p>\n<p>To spotkanie by\u0142o dla wsp\u00f3lnoty Benedictus czasem g\u0142\u0119bokiego wzrostu duchowego i umocnienia w wierze. Wszyscy, kt\u00f3rzy wzi\u0119li w nim udzia\u0142, wracali do swoich codziennych obowi\u0105zk\u00f3w z now\u0105 nadziej\u0105 i si\u0142\u0105, gotowi na dalsz\u0105 wsp\u00f3\u0142prac\u0119 z Duchem \u015awi\u0119tym w budowaniu Bo\u017cego Kr\u00f3lestwa na ziemi.<\/p>\n<p><a href=\"https:\/\/www.facebook.com\/BratAlbertRadom\/\" target=\"_blank\" rel=\"noopener\">Wi\u0119cej na naszym profilu Fb<\/a><\/p>\n<div id='gallery-1' class='gallery galleryid-6808 gallery-columns-4 gallery-size-thumbnail'><figure class='gallery-item'>\n\t\t\t<div class='gallery-icon landscape'>\n\t\t\t\t<a href='https:\/\/albert.radom.pl\/wp-content\/uploads\/2025\/03\/1000166170.jpg'><img loading=\"lazy\" decoding=\"async\" width=\"150\" height=\"150\" src=\"https:\/\/albert.radom.pl\/wp-content\/uploads\/2025\/03\/1000166170-150x150.jpg\" class=\"attachment-thumbnail size-thumbnail\" alt=\"\" \/><\/a>\n\t\t\t<\/div><\/figure><figure class='gallery-item'>\n\t\t\t<div class='gallery-icon portrait'>\n\t\t\t\t<a href='https:\/\/albert.radom.pl\/wp-content\/uploads\/2025\/03\/1000166174-rotated.jpg'><img loading=\"lazy\" decoding=\"async\" width=\"150\" height=\"150\" src=\"https:\/\/albert.radom.pl\/wp-content\/uploads\/2025\/03\/1000166174-150x150.jpg\" class=\"attachment-thumbnail size-thumbnail\" alt=\"\" \/><\/a>\n\t\t\t<\/div><\/figure><figure class='gallery-item'>\n\t\t\t<div class='gallery-icon landscape'>\n\t\t\t\t<a href='https:\/\/albert.radom.pl\/wp-content\/uploads\/2025\/03\/1000166219.jpg'><img loading=\"lazy\" decoding=\"async\" width=\"150\" height=\"150\" src=\"https:\/\/albert.radom.pl\/wp-content\/uploads\/2025\/03\/1000166219-150x150.jpg\" class=\"attachment-thumbnail size-thumbnail\" alt=\"\" \/><\/a>\n\t\t\t<\/div><\/figure><figure class='gallery-item'>\n\t\t\t<div class='gallery-icon landscape'>\n\t\t\t\t<a href='https:\/\/albert.radom.pl\/wp-content\/uploads\/2025\/03\/1000166223.jpg'><img loading=\"lazy\" decoding=\"async\" width=\"150\" height=\"150\" src=\"https:\/\/albert.radom.pl\/wp-content\/uploads\/2025\/03\/1000166223-150x150.jpg\" class=\"attachment-thumbnail size-thumbnail\" alt=\"\" \/><\/a>\n\t\t\t<\/div><\/figure>\n\t\t<\/div>\n\n","protected":false},"excerpt":{"rendered":"<p>W dniach 28 lutego i 1 marca 2025 roku, w malowniczej Kieleckiej Karcz\u00f3wce, odby\u0142 si\u0119&#8230;<\/p>\n","protected":false},"author":1,"featured_media":6809,"comment_status":"closed","ping_status":"closed","sticky":false,"template":"","format":"standard","meta":{"footnotes":""},"categories":[19,47],"tags":[],"class_list":["post-6808","post","type-post","status-publish","format-standard","has-post-thumbnail","hentry","category-aktualnosci","category-odnowa-w-duchu-swietym"],"featured_image_urls":{"full":["https:\/\/albert.radom.pl\/wp-content\/uploads\/2025\/03\/1000166170.jpg",2000,1500,false],"thumbnail":["https:\/\/albert.radom.pl\/wp-content\/uploads\/2025\/03\/1000166170-150x150.jpg",150,150,true],"medium":["https:\/\/albert.radom.pl\/wp-content\/uploads\/2025\/03\/1000166170-300x225.jpg",300,225,true],"medium_large":["https:\/\/albert.radom.pl\/wp-content\/uploads\/2025\/03\/1000166170-768x576.jpg",640,480,true],"large":["https:\/\/albert.radom.pl\/wp-content\/uploads\/2025\/03\/1000166170-1024x768.jpg",640,480,true],"1536x1536":["https:\/\/albert.radom.pl\/wp-content\/uploads\/2025\/03\/1000166170-1536x1152.jpg",1536,1152,true],"2048x2048":["https:\/\/albert.radom.pl\/wp-content\/uploads\/2025\/03\/1000166170.jpg",2000,1500,false],"newsever-slider-full":["https:\/\/albert.radom.pl\/wp-content\/uploads\/2025\/03\/1000166170-1280x845.jpg",1280,845,true],"newsever-featured":["https:\/\/albert.radom.pl\/wp-content\/uploads\/2025\/03\/1000166170-1024x768.jpg",1024,768,true],"newsever-medium":["https:\/\/albert.radom.pl\/wp-content\/uploads\/2025\/03\/1000166170-720x475.jpg",720,475,true]},"author_info":{"display_name":"xdar","author_link":"https:\/\/albert.radom.pl\/?author=1"},"category_info":"<a href=\"https:\/\/albert.radom.pl\/?cat=19\" rel=\"category\">Aktualno\u015bci<\/a> <a href=\"https:\/\/albert.radom.pl\/?cat=47\" rel=\"category\">Odnowa w Duchu \u015awi\u0119tym<\/a>","tag_info":"Odnowa w Duchu \u015awi\u0119tym","comment_count":"0","_links":{"self":[{"href":"https:\/\/albert.radom.pl\/index.php?rest_route=\/wp\/v2\/posts\/6808","targetHints":{"allow":["GET"]}}],"collection":[{"href":"https:\/\/albert.radom.pl\/index.php?rest_route=\/wp\/v2\/posts"}],"about":[{"href":"https:\/\/albert.radom.pl\/index.php?rest_route=\/wp\/v2\/types\/post"}],"author":[{"embeddable":true,"href":"https:\/\/albert.radom.pl\/index.php?rest_route=\/wp\/v2\/users\/1"}],"replies":[{"embeddable":true,"href":"https:\/\/albert.radom.pl\/index.php?rest_route=%2Fwp%2Fv2%2Fcomments&post=6808"}],"version-history":[{"count":2,"href":"https:\/\/albert.radom.pl\/index.php?rest_route=\/wp\/v2\/posts\/6808\/revisions"}],"predecessor-version":[{"id":6814,"href":"https:\/\/albert.radom.pl\/index.php?rest_route=\/wp\/v2\/posts\/6808\/revisions\/6814"}],"wp:featuredmedia":[{"embeddable":true,"href":"https:\/\/albert.radom.pl\/index.php?rest_route=\/wp\/v2\/media\/6809"}],"wp:attachment":[{"href":"https:\/\/albert.radom.pl\/index.php?rest_route=%2Fwp%2Fv2%2Fmedia&parent=6808"}],"wp:term":[{"taxonomy":"category","embeddable":true,"href":"https:\/\/albert.radom.pl\/index.php?rest_route=%2Fwp%2Fv2%2Fcategories&post=6808"},{"taxonomy":"post_tag","embeddable":true,"href":"https:\/\/albert.radom.pl\/index.php?rest_route=%2Fwp%2Fv2%2Ftags&post=6808"}],"curies":[{"name":"wp","href":"https:\/\/api.w.org\/{rel}","templated":true}]}}