{"id":6895,"date":"2025-03-16T19:17:12","date_gmt":"2025-03-16T18:17:12","guid":{"rendered":"https:\/\/albert.radom.pl\/?p=6895"},"modified":"2025-04-14T21:46:54","modified_gmt":"2025-04-14T19:46:54","slug":"modlitwa-w-intencji-biskupa-piotra-turzynskiego","status":"publish","type":"post","link":"https:\/\/albert.radom.pl\/?p=6895","title":{"rendered":"Modlitwa w intencji Biskupa Piotra Turzy\u0144skiego"},"content":{"rendered":"<p>Bp Marek Solarczyk wystosowa\u0142 komunikat, w kt\u00f3rym prosi ksi\u0119\u017cy, osoby \u017cycia konsekrowanego i wszystkich wiernych o modlitw\u0119 w intencji bp. Piotra Turzy\u0144skiego.<!--more--><\/p>\n<blockquote>\n<p style=\"text-align: center;\">Drodzy Siostry i Bracia!<\/p>\n<p>Prze\u017cywany aktualnie czas Wielkiego Postu jest dla naszego Biskupa Piotra szczeg\u00f3lnym czasem do\u015bwiadczenia trudu choroby. Biskup Piotr dzi\u0119kuje wszystkim za ka\u017cdy wyraz troski i wsparcia duchowego. Jednocze\u015bnie poleca si\u0119 naszej dalszej pami\u0119ci i modlitwie.<\/p>\n<p>Prosz\u0119 zatem wszystkich Diecezjan, Kap\u0142an\u00f3w, Osoby \u017bycia Konsekrowanego, przedstawicieli Polonii o \u017carliw\u0105 modlitw\u0119 w intencji powrotu do zdrowia Biskupa Piotra Turzy\u0144skiego.<\/p>\n<p style=\"text-align: right;\">Biskup Marek<\/p>\n<\/blockquote>\n<p>Bp Piotr Turzy\u0144ski jest delegatem Konferencji Episkopatu Polski ds. Duszpasterstwa Nauczycieli, a tak\u017ce delegatem ds. Duszpasterstwa Emigracji Polskiej.<\/p>\n","protected":false},"excerpt":{"rendered":"<p>Bp Marek Solarczyk wystosowa\u0142 komunikat, w kt\u00f3rym prosi ksi\u0119\u017cy, osoby \u017cycia konsekrowanego i wszystkich wiernych&#8230;<\/p>\n","protected":false},"author":1,"featured_media":6896,"comment_status":"closed","ping_status":"closed","sticky":false,"template":"","format":"standard","meta":{"footnotes":""},"categories":[19],"tags":[],"class_list":["post-6895","post","type-post","status-publish","format-standard","has-post-thumbnail","hentry","category-aktualnosci"],"featured_image_urls":{"full":["https:\/\/albert.radom.pl\/wp-content\/uploads\/2025\/03\/af2ffa38cfd616ab0942aae0c39e3e2b_XL.jpg",940,625,false],"thumbnail":["https:\/\/albert.radom.pl\/wp-content\/uploads\/2025\/03\/af2ffa38cfd616ab0942aae0c39e3e2b_XL-150x150.jpg",150,150,true],"medium":["https:\/\/albert.radom.pl\/wp-content\/uploads\/2025\/03\/af2ffa38cfd616ab0942aae0c39e3e2b_XL-300x199.jpg",300,199,true],"medium_large":["https:\/\/albert.radom.pl\/wp-content\/uploads\/2025\/03\/af2ffa38cfd616ab0942aae0c39e3e2b_XL-768x511.jpg",640,426,true],"large":["https:\/\/albert.radom.pl\/wp-content\/uploads\/2025\/03\/af2ffa38cfd616ab0942aae0c39e3e2b_XL.jpg",640,426,false],"1536x1536":["https:\/\/albert.radom.pl\/wp-content\/uploads\/2025\/03\/af2ffa38cfd616ab0942aae0c39e3e2b_XL.jpg",940,625,false],"2048x2048":["https:\/\/albert.radom.pl\/wp-content\/uploads\/2025\/03\/af2ffa38cfd616ab0942aae0c39e3e2b_XL.jpg",940,625,false],"newsever-slider-full":["https:\/\/albert.radom.pl\/wp-content\/uploads\/2025\/03\/af2ffa38cfd616ab0942aae0c39e3e2b_XL.jpg",940,625,false],"newsever-featured":["https:\/\/albert.radom.pl\/wp-content\/uploads\/2025\/03\/af2ffa38cfd616ab0942aae0c39e3e2b_XL.jpg",940,625,false],"newsever-medium":["https:\/\/albert.radom.pl\/wp-content\/uploads\/2025\/03\/af2ffa38cfd616ab0942aae0c39e3e2b_XL-720x475.jpg",720,475,true]},"author_info":{"display_name":"xdar","author_link":"https:\/\/albert.radom.pl\/?author=1"},"category_info":"<a href=\"https:\/\/albert.radom.pl\/?cat=19\" rel=\"category\">Aktualno\u015bci<\/a>","tag_info":"Aktualno\u015bci","comment_count":"0","_links":{"self":[{"href":"https:\/\/albert.radom.pl\/index.php?rest_route=\/wp\/v2\/posts\/6895","targetHints":{"allow":["GET"]}}],"collection":[{"href":"https:\/\/albert.radom.pl\/index.php?rest_route=\/wp\/v2\/posts"}],"about":[{"href":"https:\/\/albert.radom.pl\/index.php?rest_route=\/wp\/v2\/types\/post"}],"author":[{"embeddable":true,"href":"https:\/\/albert.radom.pl\/index.php?rest_route=\/wp\/v2\/users\/1"}],"replies":[{"embeddable":true,"href":"https:\/\/albert.radom.pl\/index.php?rest_route=%2Fwp%2Fv2%2Fcomments&post=6895"}],"version-history":[{"count":1,"href":"https:\/\/albert.radom.pl\/index.php?rest_route=\/wp\/v2\/posts\/6895\/revisions"}],"predecessor-version":[{"id":6897,"href":"https:\/\/albert.radom.pl\/index.php?rest_route=\/wp\/v2\/posts\/6895\/revisions\/6897"}],"wp:featuredmedia":[{"embeddable":true,"href":"https:\/\/albert.radom.pl\/index.php?rest_route=\/wp\/v2\/media\/6896"}],"wp:attachment":[{"href":"https:\/\/albert.radom.pl\/index.php?rest_route=%2Fwp%2Fv2%2Fmedia&parent=6895"}],"wp:term":[{"taxonomy":"category","embeddable":true,"href":"https:\/\/albert.radom.pl\/index.php?rest_route=%2Fwp%2Fv2%2Fcategories&post=6895"},{"taxonomy":"post_tag","embeddable":true,"href":"https:\/\/albert.radom.pl\/index.php?rest_route=%2Fwp%2Fv2%2Ftags&post=6895"}],"curies":[{"name":"wp","href":"https:\/\/api.w.org\/{rel}","templated":true}]}}