{"id":6913,"date":"2025-03-25T21:15:08","date_gmt":"2025-03-25T20:15:08","guid":{"rendered":"https:\/\/albert.radom.pl\/?p=6913"},"modified":"2025-03-29T20:12:38","modified_gmt":"2025-03-29T19:12:38","slug":"zdemolowane-serce-w-najblizszy-piatek-o-godz-17-00","status":"publish","type":"post","link":"https:\/\/albert.radom.pl\/?p=6913","title":{"rendered":"&#8222;Zdemolowane \u017cycie&#8221; &#8211; w najbli\u017cszy pi\u0105tek o godz. 17.00!"},"content":{"rendered":"<p>Zapraszamy na Drog\u0119 Krzy\u017cow\u0105 w najbli\u017cszy pi\u0105tek o 17:00 pt. &#8222;Zdemolowane \u017cycie&#8221;- ze szczeg\u00f3lnymi rozwa\u017caniami serca pewnej kobiety. Rozwa\u017cania zosta\u0142y przygotowane przez Grup\u0119 pielgrzymkow\u0105 nr 22 z Parafii \u015bw. Brata Alberta w Radomiu oraz Bractwo Mi\u0142osierdzia &#8211; Przyjaci\u00f3\u0142 Bezdomnych.<\/p>\n<p><img loading=\"lazy\" decoding=\"async\" class=\"aligncenter size-large wp-image-6914\" src=\"https:\/\/albert.radom.pl\/wp-content\/uploads\/2025\/03\/ZDEMOLOWANE-ZYCIE-724x1024.jpg\" alt=\"\" width=\"640\" height=\"905\" srcset=\"https:\/\/albert.radom.pl\/wp-content\/uploads\/2025\/03\/ZDEMOLOWANE-ZYCIE-724x1024.jpg 724w, https:\/\/albert.radom.pl\/wp-content\/uploads\/2025\/03\/ZDEMOLOWANE-ZYCIE-212x300.jpg 212w, https:\/\/albert.radom.pl\/wp-content\/uploads\/2025\/03\/ZDEMOLOWANE-ZYCIE-768x1086.jpg 768w, https:\/\/albert.radom.pl\/wp-content\/uploads\/2025\/03\/ZDEMOLOWANE-ZYCIE-1086x1536.jpg 1086w, https:\/\/albert.radom.pl\/wp-content\/uploads\/2025\/03\/ZDEMOLOWANE-ZYCIE-1024x1449.jpg 1024w, https:\/\/albert.radom.pl\/wp-content\/uploads\/2025\/03\/ZDEMOLOWANE-ZYCIE.jpg 1131w\" sizes=\"auto, (max-width: 640px) 100vw, 640px\" \/><\/p>\n","protected":false},"excerpt":{"rendered":"<p>Zapraszamy na Drog\u0119 Krzy\u017cow\u0105 w najbli\u017cszy pi\u0105tek o 17:00 pt. &#8222;Zdemolowane \u017cycie&#8221;- ze szczeg\u00f3lnymi rozwa\u017caniami&#8230;<\/p>\n","protected":false},"author":1,"featured_media":6915,"comment_status":"closed","ping_status":"closed","sticky":false,"template":"","format":"standard","meta":{"footnotes":""},"categories":[19,54,55],"tags":[],"class_list":["post-6913","post","type-post","status-publish","format-standard","has-post-thumbnail","hentry","category-aktualnosci","category-grupa-pielgrzymkowa-nr-22","category-przyjaciele-bezdomnych"],"featured_image_urls":{"full":["https:\/\/albert.radom.pl\/wp-content\/uploads\/2025\/03\/ZDEMOLOWANE-ZYCIE-SMALL.jpg",1121,958,false],"thumbnail":["https:\/\/albert.radom.pl\/wp-content\/uploads\/2025\/03\/ZDEMOLOWANE-ZYCIE-SMALL-150x150.jpg",150,150,true],"medium":["https:\/\/albert.radom.pl\/wp-content\/uploads\/2025\/03\/ZDEMOLOWANE-ZYCIE-SMALL-300x256.jpg",300,256,true],"medium_large":["https:\/\/albert.radom.pl\/wp-content\/uploads\/2025\/03\/ZDEMOLOWANE-ZYCIE-SMALL-768x656.jpg",640,547,true],"large":["https:\/\/albert.radom.pl\/wp-content\/uploads\/2025\/03\/ZDEMOLOWANE-ZYCIE-SMALL-1024x875.jpg",640,547,true],"1536x1536":["https:\/\/albert.radom.pl\/wp-content\/uploads\/2025\/03\/ZDEMOLOWANE-ZYCIE-SMALL.jpg",1121,958,false],"2048x2048":["https:\/\/albert.radom.pl\/wp-content\/uploads\/2025\/03\/ZDEMOLOWANE-ZYCIE-SMALL.jpg",1121,958,false],"newsever-slider-full":["https:\/\/albert.radom.pl\/wp-content\/uploads\/2025\/03\/ZDEMOLOWANE-ZYCIE-SMALL-1121x845.jpg",1121,845,true],"newsever-featured":["https:\/\/albert.radom.pl\/wp-content\/uploads\/2025\/03\/ZDEMOLOWANE-ZYCIE-SMALL-1024x875.jpg",1024,875,true],"newsever-medium":["https:\/\/albert.radom.pl\/wp-content\/uploads\/2025\/03\/ZDEMOLOWANE-ZYCIE-SMALL-720x475.jpg",720,475,true]},"author_info":{"display_name":"xdar","author_link":"https:\/\/albert.radom.pl\/?author=1"},"category_info":"<a href=\"https:\/\/albert.radom.pl\/?cat=19\" rel=\"category\">Aktualno\u015bci<\/a> <a href=\"https:\/\/albert.radom.pl\/?cat=54\" rel=\"category\">Grupa pielgrzymkowa nr 22<\/a> <a href=\"https:\/\/albert.radom.pl\/?cat=55\" rel=\"category\">Przyjaciele bezdomnych<\/a>","tag_info":"Przyjaciele bezdomnych","comment_count":"0","_links":{"self":[{"href":"https:\/\/albert.radom.pl\/index.php?rest_route=\/wp\/v2\/posts\/6913","targetHints":{"allow":["GET"]}}],"collection":[{"href":"https:\/\/albert.radom.pl\/index.php?rest_route=\/wp\/v2\/posts"}],"about":[{"href":"https:\/\/albert.radom.pl\/index.php?rest_route=\/wp\/v2\/types\/post"}],"author":[{"embeddable":true,"href":"https:\/\/albert.radom.pl\/index.php?rest_route=\/wp\/v2\/users\/1"}],"replies":[{"embeddable":true,"href":"https:\/\/albert.radom.pl\/index.php?rest_route=%2Fwp%2Fv2%2Fcomments&post=6913"}],"version-history":[{"count":2,"href":"https:\/\/albert.radom.pl\/index.php?rest_route=\/wp\/v2\/posts\/6913\/revisions"}],"predecessor-version":[{"id":6917,"href":"https:\/\/albert.radom.pl\/index.php?rest_route=\/wp\/v2\/posts\/6913\/revisions\/6917"}],"wp:featuredmedia":[{"embeddable":true,"href":"https:\/\/albert.radom.pl\/index.php?rest_route=\/wp\/v2\/media\/6915"}],"wp:attachment":[{"href":"https:\/\/albert.radom.pl\/index.php?rest_route=%2Fwp%2Fv2%2Fmedia&parent=6913"}],"wp:term":[{"taxonomy":"category","embeddable":true,"href":"https:\/\/albert.radom.pl\/index.php?rest_route=%2Fwp%2Fv2%2Fcategories&post=6913"},{"taxonomy":"post_tag","embeddable":true,"href":"https:\/\/albert.radom.pl\/index.php?rest_route=%2Fwp%2Fv2%2Ftags&post=6913"}],"curies":[{"name":"wp","href":"https:\/\/api.w.org\/{rel}","templated":true}]}}