{"id":6918,"date":"2025-03-29T05:55:26","date_gmt":"2025-03-29T04:55:26","guid":{"rendered":"https:\/\/albert.radom.pl\/?p=6918"},"modified":"2025-03-29T19:59:58","modified_gmt":"2025-03-29T18:59:58","slug":"zdemolowane-zycie","status":"publish","type":"post","link":"https:\/\/albert.radom.pl\/?p=6918","title":{"rendered":"&#8222;Zdemolowane \u017cycie&#8221;"},"content":{"rendered":"<p>W miniony pi\u0105tek o 17:00 odby\u0142a si\u0119 niezwyk\u0142a Droga Krzy\u017cowa, poprowadzona przez s\u0142u\u017cby i pielgrzym\u00f3w naszej Grupy 22 oraz Przyjaci\u00f3\u0142 Bezdomnych. <!--more-->To wyj\u0105tkowe wydarzenie mia\u0142o na celu po\u0142\u0105czenie wsp\u00f3lnoty w modlitwie i refleksji nad cierpieniem, kt\u00f3re dotyka wielu z nas.<\/p>\n<p>Na \u015brodku ko\u015bcio\u0142a sta\u0142 krzy\u017c, symbol naszej wiary i nadziei, w kt\u00f3ry zosta\u0142y wbite kartki z intencjami, kt\u00f3re ka\u017cdy z uczestnik\u00f3w przyni\u00f3s\u0142 ze sob\u0105. Te intencje by\u0142y r\u00f3\u017cnorodne \u2013 od osobistych zmaga\u0144, przez modlitwy za bliskich, a\u017c po pro\u015bby o pomoc dla ludzi w trudnej sytuacji. W miar\u0119 jak rozwa\u017cali\u015bmy poszczeg\u00f3lne stacje, krzy\u017c stawa\u0142 si\u0119 nie tylko miejscem cierpienia, ale tak\u017ce nadziei i odnowy.<br \/>\nW centrum naszej modlitwy znalaz\u0142a si\u0119 Natalia, kt\u00f3ra swoj\u0105 histori\u0105 zainspirowa\u0142a wszystkich zgromadzonych. Opowiedzia\u0142a o trudnej drodze, kt\u00f3r\u0105 przesz\u0142a z bezdomno\u015bci do nowego \u017cycia. Jej \u015bwiadectwo by\u0142o pe\u0142ne emocji, b\u00f3lu, ale tak\u017ce rado\u015bci i wdzi\u0119czno\u015bci za ka\u017cd\u0105 pomoc, kt\u00f3r\u0105 otrzyma\u0142a. Jej s\u0142owa by\u0142y motywacj\u0105 do refleksji nad tym, jak cz\u0119sto zapominamy o ludziach w potrzebie i jak wa\u017cne jest, aby by\u0107 dla siebie nawzajem wsparciem.<br \/>\nRozwa\u017cania, kt\u00f3re poprowadzi\u0142y nas przez ka\u017cd\u0105 stacj\u0119, by\u0142y g\u0142\u0119boko osadzone w sercu. Skupiali\u015bmy si\u0119 na cierpieniu Jezusa, kt\u00f3re sta\u0142o si\u0119 dla nas przyk\u0142adem, jak radzi\u0107 sobie z w\u0142asnymi krzy\u017cami. Ka\u017cde zdanie, ka\u017cde s\u0142owo, kt\u00f3re pad\u0142o podczas modlitwy, podkre\u015bla\u0142o, \u017ce nie jeste\u015bmy sami w naszych zmaganiach, \u017ce Jezus towarzyszy nam na ka\u017cdej drodze, nawet tej najtrudniejszej.<br \/>\nTo by\u0142a Droga Krzy\u017cowa, kt\u00f3ra nie tylko przypomnia\u0142a nam o cierpieniu, ale przede wszystkim o mi\u0142o\u015bci, nadziei i wsparciu, kt\u00f3re mo\u017cemy sobie nawzajem ofiarowa\u0107.<\/p>\n<div id='gallery-1' class='gallery galleryid-6918 gallery-columns-4 gallery-size-thumbnail'><figure class='gallery-item'>\n\t\t\t<div class='gallery-icon portrait'>\n\t\t\t\t<a href='https:\/\/albert.radom.pl\/wp-content\/uploads\/2025\/03\/486663491_959944409643426_6911000900799187054_n.jpg'><img loading=\"lazy\" decoding=\"async\" width=\"150\" height=\"150\" src=\"https:\/\/albert.radom.pl\/wp-content\/uploads\/2025\/03\/486663491_959944409643426_6911000900799187054_n-150x150.jpg\" class=\"attachment-thumbnail size-thumbnail\" alt=\"\" \/><\/a>\n\t\t\t<\/div><\/figure><figure class='gallery-item'>\n\t\t\t<div class='gallery-icon portrait'>\n\t\t\t\t<a href='https:\/\/albert.radom.pl\/wp-content\/uploads\/2025\/03\/486703271_959944292976771_6728576047289458435_n.jpg'><img loading=\"lazy\" decoding=\"async\" width=\"150\" height=\"150\" src=\"https:\/\/albert.radom.pl\/wp-content\/uploads\/2025\/03\/486703271_959944292976771_6728576047289458435_n-150x150.jpg\" class=\"attachment-thumbnail size-thumbnail\" alt=\"\" \/><\/a>\n\t\t\t<\/div><\/figure><figure class='gallery-item'>\n\t\t\t<div class='gallery-icon portrait'>\n\t\t\t\t<a href='https:\/\/albert.radom.pl\/wp-content\/uploads\/2025\/03\/486734139_959944109643456_1343422442335884314_n.jpg'><img loading=\"lazy\" decoding=\"async\" width=\"150\" height=\"150\" src=\"https:\/\/albert.radom.pl\/wp-content\/uploads\/2025\/03\/486734139_959944109643456_1343422442335884314_n-150x150.jpg\" class=\"attachment-thumbnail size-thumbnail\" alt=\"\" \/><\/a>\n\t\t\t<\/div><\/figure><figure class='gallery-item'>\n\t\t\t<div class='gallery-icon landscape'>\n\t\t\t\t<a href='https:\/\/albert.radom.pl\/wp-content\/uploads\/2025\/03\/486742926_959944249643442_8072194085649442459_n.jpg'><img loading=\"lazy\" decoding=\"async\" width=\"150\" height=\"150\" src=\"https:\/\/albert.radom.pl\/wp-content\/uploads\/2025\/03\/486742926_959944249643442_8072194085649442459_n-150x150.jpg\" class=\"attachment-thumbnail size-thumbnail\" alt=\"\" \/><\/a>\n\t\t\t<\/div><\/figure><figure class='gallery-item'>\n\t\t\t<div class='gallery-icon portrait'>\n\t\t\t\t<a href='https:\/\/albert.radom.pl\/wp-content\/uploads\/2025\/03\/486758343_959944522976748_2169820492223530640_n.jpg'><img loading=\"lazy\" decoding=\"async\" width=\"150\" height=\"150\" src=\"https:\/\/albert.radom.pl\/wp-content\/uploads\/2025\/03\/486758343_959944522976748_2169820492223530640_n-150x150.jpg\" class=\"attachment-thumbnail size-thumbnail\" alt=\"\" \/><\/a>\n\t\t\t<\/div><\/figure><figure class='gallery-item'>\n\t\t\t<div class='gallery-icon portrait'>\n\t\t\t\t<a href='https:\/\/albert.radom.pl\/wp-content\/uploads\/2025\/03\/487123274_959944216310112_4911059110702262221_n.jpg'><img loading=\"lazy\" decoding=\"async\" width=\"150\" height=\"150\" src=\"https:\/\/albert.radom.pl\/wp-content\/uploads\/2025\/03\/487123274_959944216310112_4911059110702262221_n-150x150.jpg\" class=\"attachment-thumbnail size-thumbnail\" alt=\"\" \/><\/a>\n\t\t\t<\/div><\/figure><figure class='gallery-item'>\n\t\t\t<div class='gallery-icon landscape'>\n\t\t\t\t<a href='https:\/\/albert.radom.pl\/wp-content\/uploads\/2025\/03\/487158603_959944359643431_477218213219754541_n.jpg'><img loading=\"lazy\" decoding=\"async\" width=\"150\" height=\"150\" src=\"https:\/\/albert.radom.pl\/wp-content\/uploads\/2025\/03\/487158603_959944359643431_477218213219754541_n-150x150.jpg\" class=\"attachment-thumbnail size-thumbnail\" alt=\"\" \/><\/a>\n\t\t\t<\/div><\/figure><figure class='gallery-item'>\n\t\t\t<div class='gallery-icon portrait'>\n\t\t\t\t<a href='https:\/\/albert.radom.pl\/wp-content\/uploads\/2025\/03\/487206440_959944456310088_3412164128400599678_n.jpg'><img loading=\"lazy\" decoding=\"async\" width=\"150\" height=\"150\" src=\"https:\/\/albert.radom.pl\/wp-content\/uploads\/2025\/03\/487206440_959944456310088_3412164128400599678_n-150x150.jpg\" class=\"attachment-thumbnail size-thumbnail\" alt=\"\" \/><\/a>\n\t\t\t<\/div><\/figure><figure class='gallery-item'>\n\t\t\t<div class='gallery-icon portrait'>\n\t\t\t\t<a href='https:\/\/albert.radom.pl\/wp-content\/uploads\/2025\/03\/487728190_959944172976783_6013620658451813411_n.jpg'><img loading=\"lazy\" decoding=\"async\" width=\"150\" height=\"150\" src=\"https:\/\/albert.radom.pl\/wp-content\/uploads\/2025\/03\/487728190_959944172976783_6013620658451813411_n-150x150.jpg\" class=\"attachment-thumbnail size-thumbnail\" alt=\"\" \/><\/a>\n\t\t\t<\/div><\/figure>\n\t\t<\/div>\n\n","protected":false},"excerpt":{"rendered":"<p>W miniony pi\u0105tek o 17:00 odby\u0142a si\u0119 niezwyk\u0142a Droga Krzy\u017cowa, poprowadzona przez s\u0142u\u017cby i pielgrzym\u00f3w&#8230;<\/p>\n","protected":false},"author":1,"featured_media":6925,"comment_status":"closed","ping_status":"closed","sticky":false,"template":"","format":"standard","meta":{"footnotes":""},"categories":[19],"tags":[],"class_list":["post-6918","post","type-post","status-publish","format-standard","has-post-thumbnail","hentry","category-aktualnosci"],"featured_image_urls":{"full":["https:\/\/albert.radom.pl\/wp-content\/uploads\/2025\/03\/487158603_959944359643431_477218213219754541_n.jpg",1600,1200,false],"thumbnail":["https:\/\/albert.radom.pl\/wp-content\/uploads\/2025\/03\/487158603_959944359643431_477218213219754541_n-150x150.jpg",150,150,true],"medium":["https:\/\/albert.radom.pl\/wp-content\/uploads\/2025\/03\/487158603_959944359643431_477218213219754541_n-300x225.jpg",300,225,true],"medium_large":["https:\/\/albert.radom.pl\/wp-content\/uploads\/2025\/03\/487158603_959944359643431_477218213219754541_n-768x576.jpg",640,480,true],"large":["https:\/\/albert.radom.pl\/wp-content\/uploads\/2025\/03\/487158603_959944359643431_477218213219754541_n-1024x768.jpg",640,480,true],"1536x1536":["https:\/\/albert.radom.pl\/wp-content\/uploads\/2025\/03\/487158603_959944359643431_477218213219754541_n-1536x1152.jpg",1536,1152,true],"2048x2048":["https:\/\/albert.radom.pl\/wp-content\/uploads\/2025\/03\/487158603_959944359643431_477218213219754541_n.jpg",1600,1200,false],"newsever-slider-full":["https:\/\/albert.radom.pl\/wp-content\/uploads\/2025\/03\/487158603_959944359643431_477218213219754541_n-1280x845.jpg",1280,845,true],"newsever-featured":["https:\/\/albert.radom.pl\/wp-content\/uploads\/2025\/03\/487158603_959944359643431_477218213219754541_n-1024x768.jpg",1024,768,true],"newsever-medium":["https:\/\/albert.radom.pl\/wp-content\/uploads\/2025\/03\/487158603_959944359643431_477218213219754541_n-720x475.jpg",720,475,true]},"author_info":{"display_name":"xdar","author_link":"https:\/\/albert.radom.pl\/?author=1"},"category_info":"<a href=\"https:\/\/albert.radom.pl\/?cat=19\" rel=\"category\">Aktualno\u015bci<\/a>","tag_info":"Aktualno\u015bci","comment_count":"0","_links":{"self":[{"href":"https:\/\/albert.radom.pl\/index.php?rest_route=\/wp\/v2\/posts\/6918","targetHints":{"allow":["GET"]}}],"collection":[{"href":"https:\/\/albert.radom.pl\/index.php?rest_route=\/wp\/v2\/posts"}],"about":[{"href":"https:\/\/albert.radom.pl\/index.php?rest_route=\/wp\/v2\/types\/post"}],"author":[{"embeddable":true,"href":"https:\/\/albert.radom.pl\/index.php?rest_route=\/wp\/v2\/users\/1"}],"replies":[{"embeddable":true,"href":"https:\/\/albert.radom.pl\/index.php?rest_route=%2Fwp%2Fv2%2Fcomments&post=6918"}],"version-history":[{"count":1,"href":"https:\/\/albert.radom.pl\/index.php?rest_route=\/wp\/v2\/posts\/6918\/revisions"}],"predecessor-version":[{"id":6928,"href":"https:\/\/albert.radom.pl\/index.php?rest_route=\/wp\/v2\/posts\/6918\/revisions\/6928"}],"wp:featuredmedia":[{"embeddable":true,"href":"https:\/\/albert.radom.pl\/index.php?rest_route=\/wp\/v2\/media\/6925"}],"wp:attachment":[{"href":"https:\/\/albert.radom.pl\/index.php?rest_route=%2Fwp%2Fv2%2Fmedia&parent=6918"}],"wp:term":[{"taxonomy":"category","embeddable":true,"href":"https:\/\/albert.radom.pl\/index.php?rest_route=%2Fwp%2Fv2%2Fcategories&post=6918"},{"taxonomy":"post_tag","embeddable":true,"href":"https:\/\/albert.radom.pl\/index.php?rest_route=%2Fwp%2Fv2%2Ftags&post=6918"}],"curies":[{"name":"wp","href":"https:\/\/api.w.org\/{rel}","templated":true}]}}