{"id":6982,"date":"2025-03-30T20:18:04","date_gmt":"2025-03-30T18:18:04","guid":{"rendered":"https:\/\/albert.radom.pl\/?p=6982"},"modified":"2025-04-12T13:09:24","modified_gmt":"2025-04-12T11:09:24","slug":"rekolekcje-wielkopostne","status":"publish","type":"post","link":"https:\/\/albert.radom.pl\/?p=6982","title":{"rendered":"Rekolekcje Wielkopostne"},"content":{"rendered":"<p style=\"text-align: center;\"><span style=\"color: #800000;\"><strong>Program Rekolekcji Wielkopostnych<br \/>\n06.04.-10.04.2025<\/strong><\/span><!--more--><\/p>\n<p style=\"text-align: center;\"><strong>V. Niedziela, 06.04.2025<br \/>\n<\/strong>Msze \u015bw. z naukami rekolekcyjnymi: 7.00, 9.00, 11.00, 12.30, 18.00.<br \/>\n*Gorzkie \u017bale z nauk\u0105 pasyjn\u0105 o 17.15<br \/>\n*Nauka stanowa dla m\u0142odzie\u017cy o godz. 19.00<\/p>\n<p style=\"text-align: center;\"><strong>Poniedzia\u0142ek, 07.04.2025<\/strong><br \/>\nMsze \u015bw. z naukami rekolekcyjnymi: 7.00, 9.00, 18.00<br \/>\n*Po Mszy \u015bw. wieczornej nauka stanowa dla kobiet.<\/p>\n<p style=\"text-align: center;\"><strong>Wtorek, 08.04.2025<\/strong><br \/>\nMsze \u015bw. z naukami rekolekcyjnymi: 7.00, 9.00, 18.00<br \/>\n*Po Mszy \u015bw. wieczornej nauka stanowa dla m\u0119\u017cczyzn.<\/p>\n<p style=\"text-align: center;\"><strong>\u015aroda, 09.04.2025<\/strong><br \/>\nMsze \u015bw. z naukami rekolekcyjnymi: 7.00, 9.00, 18.00<\/p>\n<p style=\"text-align: center;\"><strong>Czwartek, 10.04.2025<\/strong><br \/>\nSpowied\u017a 9.00-11.30 ; 15.30-18.30<\/p>\n","protected":false},"excerpt":{"rendered":"<p>Program Rekolekcji Wielkopostnych 06.04.-10.04.2025<\/p>\n","protected":false},"author":1,"featured_media":6983,"comment_status":"closed","ping_status":"closed","sticky":false,"template":"","format":"standard","meta":{"footnotes":""},"categories":[19],"tags":[],"class_list":["post-6982","post","type-post","status-publish","format-standard","has-post-thumbnail","hentry","category-aktualnosci"],"featured_image_urls":{"full":["https:\/\/albert.radom.pl\/wp-content\/uploads\/2025\/03\/7493bee6cae51030.png",1024,580,false],"thumbnail":["https:\/\/albert.radom.pl\/wp-content\/uploads\/2025\/03\/7493bee6cae51030-150x150.png",150,150,true],"medium":["https:\/\/albert.radom.pl\/wp-content\/uploads\/2025\/03\/7493bee6cae51030-300x170.png",300,170,true],"medium_large":["https:\/\/albert.radom.pl\/wp-content\/uploads\/2025\/03\/7493bee6cae51030-768x435.png",640,363,true],"large":["https:\/\/albert.radom.pl\/wp-content\/uploads\/2025\/03\/7493bee6cae51030.png",640,363,false],"1536x1536":["https:\/\/albert.radom.pl\/wp-content\/uploads\/2025\/03\/7493bee6cae51030.png",1024,580,false],"2048x2048":["https:\/\/albert.radom.pl\/wp-content\/uploads\/2025\/03\/7493bee6cae51030.png",1024,580,false],"newsever-slider-full":["https:\/\/albert.radom.pl\/wp-content\/uploads\/2025\/03\/7493bee6cae51030.png",1024,580,false],"newsever-featured":["https:\/\/albert.radom.pl\/wp-content\/uploads\/2025\/03\/7493bee6cae51030.png",1024,580,false],"newsever-medium":["https:\/\/albert.radom.pl\/wp-content\/uploads\/2025\/03\/7493bee6cae51030-720x475.png",720,475,true]},"author_info":{"display_name":"xdar","author_link":"https:\/\/albert.radom.pl\/?author=1"},"category_info":"<a href=\"https:\/\/albert.radom.pl\/?cat=19\" rel=\"category\">Aktualno\u015bci<\/a>","tag_info":"Aktualno\u015bci","comment_count":"0","_links":{"self":[{"href":"https:\/\/albert.radom.pl\/index.php?rest_route=\/wp\/v2\/posts\/6982","targetHints":{"allow":["GET"]}}],"collection":[{"href":"https:\/\/albert.radom.pl\/index.php?rest_route=\/wp\/v2\/posts"}],"about":[{"href":"https:\/\/albert.radom.pl\/index.php?rest_route=\/wp\/v2\/types\/post"}],"author":[{"embeddable":true,"href":"https:\/\/albert.radom.pl\/index.php?rest_route=\/wp\/v2\/users\/1"}],"replies":[{"embeddable":true,"href":"https:\/\/albert.radom.pl\/index.php?rest_route=%2Fwp%2Fv2%2Fcomments&post=6982"}],"version-history":[{"count":2,"href":"https:\/\/albert.radom.pl\/index.php?rest_route=\/wp\/v2\/posts\/6982\/revisions"}],"predecessor-version":[{"id":6987,"href":"https:\/\/albert.radom.pl\/index.php?rest_route=\/wp\/v2\/posts\/6982\/revisions\/6987"}],"wp:featuredmedia":[{"embeddable":true,"href":"https:\/\/albert.radom.pl\/index.php?rest_route=\/wp\/v2\/media\/6983"}],"wp:attachment":[{"href":"https:\/\/albert.radom.pl\/index.php?rest_route=%2Fwp%2Fv2%2Fmedia&parent=6982"}],"wp:term":[{"taxonomy":"category","embeddable":true,"href":"https:\/\/albert.radom.pl\/index.php?rest_route=%2Fwp%2Fv2%2Fcategories&post=6982"},{"taxonomy":"post_tag","embeddable":true,"href":"https:\/\/albert.radom.pl\/index.php?rest_route=%2Fwp%2Fv2%2Ftags&post=6982"}],"curies":[{"name":"wp","href":"https:\/\/api.w.org\/{rel}","templated":true}]}}