{"id":699,"date":"2022-10-19T12:11:14","date_gmt":"2022-10-19T10:11:14","guid":{"rendered":"https:\/\/albert.radom.pl\/?p=699"},"modified":"2022-10-19T12:12:37","modified_gmt":"2022-10-19T10:12:37","slug":"xi-marsz-integracyjny-im-bp-jana-chrapka","status":"publish","type":"post","link":"https:\/\/albert.radom.pl\/?p=699","title":{"rendered":"XI Marsz Integracyjny im. Bp. Jana Chrapka"},"content":{"rendered":"<p><strong>Oko\u0142o 400 os\u00f3b uczestniczy\u0142o w XI Integracyjnym Marszu, kt\u00f3ry przeszed\u0142 ulicami Radomia w rocznic\u0119 \u015bmierci bp. Jana Chrapka. (18 pa\u017adziernika).<\/strong><\/p>\n<p><!--more--><\/p>\n<p>Marsz rozpocz\u0105\u0142 si\u0119 przy Publicznej Szkole Podstawowej nr 12 Specjalnej im. bp. Jana Chrapka w Radomiu, kt\u00f3ra by\u0142a organizatorem wydarzenia.<\/p>\n<p>W marszu wzi\u0119li udzia\u0142 uczniowie wielu szk\u00f3\u0142. Opr\u00f3cz PSP nr 12 byli tak\u017ce reprezentanci PSP nr 4, nr 11, Zespo\u0142u Szk\u00f3\u0142 Spo\u017cywczych i Hotelarskich, czy Specjalnego O\u015brodka Szkolno &#8211; Wychowawczy im. J. Korczaka. W marszu uczestniczy\u0142 tak\u017ce biskup radomski Marek Solarczyk.<\/p>\n<p>Marsz zako\u0144czy\u0142 si\u0119 modlitw\u0105 i z\u0142o\u017ceniem kwiat\u00f3w na grobie \u015b.p. bpa Jana Chrapka w radomskiej katedrze.<\/p>\n<p style=\"text-align: right;\">Wi\u0119cej relacji i zdj\u0119\u0107 na <a href=\"https:\/\/radioplus.com.pl\/diecezja\/66446-pamiec-o-biskupie-janie-chrapku-wciaz-zywa\" target=\"_blank\" rel=\"noopener\">Radio Plus Radom<\/a><\/p>\n<div id='gallery-1' class='gallery galleryid-699 gallery-columns-4 gallery-size-thumbnail'><figure class='gallery-item'>\n\t\t\t<div class='gallery-icon landscape'>\n\t\t\t\t<a href='https:\/\/albert.radom.pl\/wp-content\/uploads\/2022\/10\/310390329_421245646846641_9070830793168348946_n.jpeg'><img loading=\"lazy\" decoding=\"async\" width=\"150\" height=\"150\" src=\"https:\/\/albert.radom.pl\/wp-content\/uploads\/2022\/10\/310390329_421245646846641_9070830793168348946_n-150x150.jpeg\" class=\"attachment-thumbnail size-thumbnail\" alt=\"\" \/><\/a>\n\t\t\t<\/div><\/figure><figure class='gallery-item'>\n\t\t\t<div class='gallery-icon landscape'>\n\t\t\t\t<a href='https:\/\/albert.radom.pl\/wp-content\/uploads\/2022\/10\/312222170_421245660179973_2648780903746427144_n.jpeg'><img loading=\"lazy\" decoding=\"async\" width=\"150\" height=\"150\" src=\"https:\/\/albert.radom.pl\/wp-content\/uploads\/2022\/10\/312222170_421245660179973_2648780903746427144_n-150x150.jpeg\" class=\"attachment-thumbnail size-thumbnail\" alt=\"\" \/><\/a>\n\t\t\t<\/div><\/figure><figure class='gallery-item'>\n\t\t\t<div class='gallery-icon landscape'>\n\t\t\t\t<a href='https:\/\/albert.radom.pl\/wp-content\/uploads\/2022\/10\/310439422_421245656846640_4453047360796729667_n.jpeg'><img loading=\"lazy\" decoding=\"async\" width=\"150\" height=\"150\" src=\"https:\/\/albert.radom.pl\/wp-content\/uploads\/2022\/10\/310439422_421245656846640_4453047360796729667_n-150x150.jpeg\" class=\"attachment-thumbnail size-thumbnail\" alt=\"\" \/><\/a>\n\t\t\t<\/div><\/figure><figure class='gallery-item'>\n\t\t\t<div class='gallery-icon landscape'>\n\t\t\t\t<a href='https:\/\/albert.radom.pl\/wp-content\/uploads\/2022\/10\/310344526_421245666846639_3957167599411572670_n.jpeg'><img loading=\"lazy\" decoding=\"async\" width=\"150\" height=\"150\" src=\"https:\/\/albert.radom.pl\/wp-content\/uploads\/2022\/10\/310344526_421245666846639_3957167599411572670_n-150x150.jpeg\" class=\"attachment-thumbnail size-thumbnail\" alt=\"\" \/><\/a>\n\t\t\t<\/div><\/figure><figure class='gallery-item'>\n\t\t\t<div class='gallery-icon landscape'>\n\t\t\t\t<a href='https:\/\/albert.radom.pl\/wp-content\/uploads\/2022\/10\/310437703_421245650179974_8610113762550578584_n.jpeg'><img loading=\"lazy\" decoding=\"async\" width=\"150\" height=\"150\" src=\"https:\/\/albert.radom.pl\/wp-content\/uploads\/2022\/10\/310437703_421245650179974_8610113762550578584_n-150x150.jpeg\" class=\"attachment-thumbnail size-thumbnail\" alt=\"\" \/><\/a>\n\t\t\t<\/div><\/figure><figure class='gallery-item'>\n\t\t\t<div class='gallery-icon landscape'>\n\t\t\t\t<a href='https:\/\/albert.radom.pl\/wp-content\/uploads\/2022\/10\/310327138_421274643510408_6564131674476290147_n.jpeg'><img loading=\"lazy\" decoding=\"async\" width=\"150\" height=\"150\" src=\"https:\/\/albert.radom.pl\/wp-content\/uploads\/2022\/10\/310327138_421274643510408_6564131674476290147_n-150x150.jpeg\" class=\"attachment-thumbnail size-thumbnail\" alt=\"\" \/><\/a>\n\t\t\t<\/div><\/figure><figure class='gallery-item'>\n\t\t\t<div class='gallery-icon landscape'>\n\t\t\t\t<a href='https:\/\/albert.radom.pl\/wp-content\/uploads\/2022\/10\/310450679_421274656843740_1632661005304843537_n.jpeg'><img loading=\"lazy\" decoding=\"async\" width=\"150\" height=\"150\" src=\"https:\/\/albert.radom.pl\/wp-content\/uploads\/2022\/10\/310450679_421274656843740_1632661005304843537_n-150x150.jpeg\" class=\"attachment-thumbnail size-thumbnail\" alt=\"\" \/><\/a>\n\t\t\t<\/div><\/figure><figure class='gallery-item'>\n\t\t\t<div class='gallery-icon landscape'>\n\t\t\t\t<a href='https:\/\/albert.radom.pl\/wp-content\/uploads\/2022\/10\/310660732_421274663510406_2414146266857312538_n.jpeg'><img loading=\"lazy\" decoding=\"async\" width=\"150\" height=\"150\" src=\"https:\/\/albert.radom.pl\/wp-content\/uploads\/2022\/10\/310660732_421274663510406_2414146266857312538_n-150x150.jpeg\" class=\"attachment-thumbnail size-thumbnail\" alt=\"\" \/><\/a>\n\t\t\t<\/div><\/figure><figure class='gallery-item'>\n\t\t\t<div class='gallery-icon landscape'>\n\t\t\t\t<a href='https:\/\/albert.radom.pl\/wp-content\/uploads\/2022\/10\/310318462_421274650177074_2823329573791616345_n.jpeg'><img loading=\"lazy\" decoding=\"async\" width=\"150\" height=\"150\" src=\"https:\/\/albert.radom.pl\/wp-content\/uploads\/2022\/10\/310318462_421274650177074_2823329573791616345_n-150x150.jpeg\" class=\"attachment-thumbnail size-thumbnail\" alt=\"\" \/><\/a>\n\t\t\t<\/div><\/figure><figure class='gallery-item'>\n\t\t\t<div class='gallery-icon landscape'>\n\t\t\t\t<a href='https:\/\/albert.radom.pl\/wp-content\/uploads\/2022\/10\/310308986_421274660177073_5909982083261344999_n.jpeg'><img loading=\"lazy\" decoding=\"async\" width=\"150\" height=\"150\" src=\"https:\/\/albert.radom.pl\/wp-content\/uploads\/2022\/10\/310308986_421274660177073_5909982083261344999_n-150x150.jpeg\" class=\"attachment-thumbnail size-thumbnail\" alt=\"\" \/><\/a>\n\t\t\t<\/div><\/figure><figure class='gallery-item'>\n\t\t\t<div class='gallery-icon landscape'>\n\t\t\t\t<a href='https:\/\/albert.radom.pl\/wp-content\/uploads\/2022\/10\/312200425_421274646843741_652921273718608930_n.jpeg'><img loading=\"lazy\" decoding=\"async\" width=\"150\" height=\"150\" src=\"https:\/\/albert.radom.pl\/wp-content\/uploads\/2022\/10\/312200425_421274646843741_652921273718608930_n-150x150.jpeg\" class=\"attachment-thumbnail size-thumbnail\" alt=\"\" \/><\/a>\n\t\t\t<\/div><\/figure><figure class='gallery-item'>\n\t\t\t<div class='gallery-icon landscape'>\n\t\t\t\t<a href='https:\/\/albert.radom.pl\/wp-content\/uploads\/2022\/10\/312230456_421274640177075_3529135129040062001_n.jpeg'><img loading=\"lazy\" decoding=\"async\" width=\"150\" height=\"150\" src=\"https:\/\/albert.radom.pl\/wp-content\/uploads\/2022\/10\/312230456_421274640177075_3529135129040062001_n-150x150.jpeg\" class=\"attachment-thumbnail size-thumbnail\" alt=\"\" \/><\/a>\n\t\t\t<\/div><\/figure>\n\t\t<\/div>\n\n<p style=\"text-align: right;\">Zdj\u0119cia: facebook.com\/BratAlbertRadom\/<\/p>\n","protected":false},"excerpt":{"rendered":"<p>Oko\u0142o 400 os\u00f3b uczestniczy\u0142o w XI Integracyjnym Marszu, kt\u00f3ry przeszed\u0142 ulicami Radomia w rocznic\u0119 \u015bmierci&#8230;<\/p>\n","protected":false},"author":1,"featured_media":694,"comment_status":"closed","ping_status":"closed","sticky":false,"template":"","format":"standard","meta":{"footnotes":""},"categories":[19],"tags":[],"class_list":["post-699","post","type-post","status-publish","format-standard","has-post-thumbnail","hentry","category-aktualnosci"],"featured_image_urls":{"full":["https:\/\/albert.radom.pl\/wp-content\/uploads\/2022\/10\/310450679_421274656843740_1632661005304843537_n.jpeg",1000,750,false],"thumbnail":["https:\/\/albert.radom.pl\/wp-content\/uploads\/2022\/10\/310450679_421274656843740_1632661005304843537_n-150x150.jpeg",150,150,true],"medium":["https:\/\/albert.radom.pl\/wp-content\/uploads\/2022\/10\/310450679_421274656843740_1632661005304843537_n-300x225.jpeg",300,225,true],"medium_large":["https:\/\/albert.radom.pl\/wp-content\/uploads\/2022\/10\/310450679_421274656843740_1632661005304843537_n-768x576.jpeg",640,480,true],"large":["https:\/\/albert.radom.pl\/wp-content\/uploads\/2022\/10\/310450679_421274656843740_1632661005304843537_n.jpeg",640,480,false],"1536x1536":["https:\/\/albert.radom.pl\/wp-content\/uploads\/2022\/10\/310450679_421274656843740_1632661005304843537_n.jpeg",1000,750,false],"2048x2048":["https:\/\/albert.radom.pl\/wp-content\/uploads\/2022\/10\/310450679_421274656843740_1632661005304843537_n.jpeg",1000,750,false],"newsever-slider-full":["https:\/\/albert.radom.pl\/wp-content\/uploads\/2022\/10\/310450679_421274656843740_1632661005304843537_n.jpeg",1000,750,false],"newsever-featured":["https:\/\/albert.radom.pl\/wp-content\/uploads\/2022\/10\/310450679_421274656843740_1632661005304843537_n.jpeg",1000,750,false],"newsever-medium":["https:\/\/albert.radom.pl\/wp-content\/uploads\/2022\/10\/310450679_421274656843740_1632661005304843537_n-720x475.jpeg",720,475,true]},"author_info":{"display_name":"xdar","author_link":"https:\/\/albert.radom.pl\/?author=1"},"category_info":"<a href=\"https:\/\/albert.radom.pl\/?cat=19\" rel=\"category\">Aktualno\u015bci<\/a>","tag_info":"Aktualno\u015bci","comment_count":"0","_links":{"self":[{"href":"https:\/\/albert.radom.pl\/index.php?rest_route=\/wp\/v2\/posts\/699","targetHints":{"allow":["GET"]}}],"collection":[{"href":"https:\/\/albert.radom.pl\/index.php?rest_route=\/wp\/v2\/posts"}],"about":[{"href":"https:\/\/albert.radom.pl\/index.php?rest_route=\/wp\/v2\/types\/post"}],"author":[{"embeddable":true,"href":"https:\/\/albert.radom.pl\/index.php?rest_route=\/wp\/v2\/users\/1"}],"replies":[{"embeddable":true,"href":"https:\/\/albert.radom.pl\/index.php?rest_route=%2Fwp%2Fv2%2Fcomments&post=699"}],"version-history":[{"count":4,"href":"https:\/\/albert.radom.pl\/index.php?rest_route=\/wp\/v2\/posts\/699\/revisions"}],"predecessor-version":[{"id":703,"href":"https:\/\/albert.radom.pl\/index.php?rest_route=\/wp\/v2\/posts\/699\/revisions\/703"}],"wp:featuredmedia":[{"embeddable":true,"href":"https:\/\/albert.radom.pl\/index.php?rest_route=\/wp\/v2\/media\/694"}],"wp:attachment":[{"href":"https:\/\/albert.radom.pl\/index.php?rest_route=%2Fwp%2Fv2%2Fmedia&parent=699"}],"wp:term":[{"taxonomy":"category","embeddable":true,"href":"https:\/\/albert.radom.pl\/index.php?rest_route=%2Fwp%2Fv2%2Fcategories&post=699"},{"taxonomy":"post_tag","embeddable":true,"href":"https:\/\/albert.radom.pl\/index.php?rest_route=%2Fwp%2Fv2%2Ftags&post=699"}],"curies":[{"name":"wp","href":"https:\/\/api.w.org\/{rel}","templated":true}]}}