{"id":7001,"date":"2025-04-05T21:04:13","date_gmt":"2025-04-05T19:04:13","guid":{"rendered":"https:\/\/albert.radom.pl\/?p=7001"},"modified":"2025-04-05T21:06:22","modified_gmt":"2025-04-05T19:06:22","slug":"uroczystosci-pogrzebowe-sp-ks-jana-chodelskiego","status":"publish","type":"post","link":"https:\/\/albert.radom.pl\/?p=7001","title":{"rendered":"Uroczysto\u015bci pogrzebowe \u015bp. ks. Jana Chodelskiego"},"content":{"rendered":"<p>Uroczysto\u015bci pogrzebowe \u015bp. ks. kan. Jana Chodelskiego rozpoczn\u0105 si\u0119 Msz\u0105 \u015awi\u0119t\u0105 \u017ca\u0142obn\u0105 <b>we wtorek, 8 kwietnia, o godz. 19.30, w ko\u015bciele pw. Matki Bo\u017cej R\u00f3\u017ca\u0144cowej w Bielisze.<br \/>\n<\/b>Msza \u015awi\u0119ta pogrzebowa zostanie odprawiona w par.<b> pw. Podwy\u017cszenia Krzy\u017ca \u015awi\u0119tego w Radomiu (Rajec), 9 kwietnia, o godz. 12.00.<\/b><br \/>\nPo Mszy \u015bw. pochowanie cia\u0142a na cmentarzu parafialnym.<\/p>\n<blockquote>\n<p style=\"text-align: center;\">Mi\u0142osierny Bo\u017ce, spraw, aby Tw\u00f3j s\u0142uga, kap\u0142an,<br \/>\nkt\u00f3rego w ziemskim \u017cyciu zaszczyci\u0142e\u015b \u015bwi\u0119tym pos\u0142annictwem,<br \/>\nradowa\u0142 si\u0119 wiecznie w niebieskiej chwale.<br \/>\nWieczny odpoczynek racz mu da\u0107 Panie&#8230;<\/p>\n<\/blockquote>\n","protected":false},"excerpt":{"rendered":"<p>Uroczysto\u015bci pogrzebowe \u015bp. ks. kan. Jana Chodelskiego rozpoczn\u0105 si\u0119 Msz\u0105 \u015awi\u0119t\u0105 \u017ca\u0142obn\u0105 we wtorek, 8&#8230;<\/p>\n","protected":false},"author":1,"featured_media":7002,"comment_status":"closed","ping_status":"closed","sticky":false,"template":"","format":"standard","meta":{"footnotes":""},"categories":[19],"tags":[],"class_list":["post-7001","post","type-post","status-publish","format-standard","has-post-thumbnail","hentry","category-aktualnosci"],"featured_image_urls":{"full":["https:\/\/albert.radom.pl\/wp-content\/uploads\/2025\/04\/ks-jan-chodelski-foto1.jpeg",554,412,false],"thumbnail":["https:\/\/albert.radom.pl\/wp-content\/uploads\/2025\/04\/ks-jan-chodelski-foto1-150x150.jpeg",150,150,true],"medium":["https:\/\/albert.radom.pl\/wp-content\/uploads\/2025\/04\/ks-jan-chodelski-foto1-300x223.jpeg",300,223,true],"medium_large":["https:\/\/albert.radom.pl\/wp-content\/uploads\/2025\/04\/ks-jan-chodelski-foto1.jpeg",554,412,false],"large":["https:\/\/albert.radom.pl\/wp-content\/uploads\/2025\/04\/ks-jan-chodelski-foto1.jpeg",554,412,false],"1536x1536":["https:\/\/albert.radom.pl\/wp-content\/uploads\/2025\/04\/ks-jan-chodelski-foto1.jpeg",554,412,false],"2048x2048":["https:\/\/albert.radom.pl\/wp-content\/uploads\/2025\/04\/ks-jan-chodelski-foto1.jpeg",554,412,false],"newsever-slider-full":["https:\/\/albert.radom.pl\/wp-content\/uploads\/2025\/04\/ks-jan-chodelski-foto1.jpeg",554,412,false],"newsever-featured":["https:\/\/albert.radom.pl\/wp-content\/uploads\/2025\/04\/ks-jan-chodelski-foto1.jpeg",554,412,false],"newsever-medium":["https:\/\/albert.radom.pl\/wp-content\/uploads\/2025\/04\/ks-jan-chodelski-foto1.jpeg",554,412,false]},"author_info":{"display_name":"xdar","author_link":"https:\/\/albert.radom.pl\/?author=1"},"category_info":"<a href=\"https:\/\/albert.radom.pl\/?cat=19\" rel=\"category\">Aktualno\u015bci<\/a>","tag_info":"Aktualno\u015bci","comment_count":"0","_links":{"self":[{"href":"https:\/\/albert.radom.pl\/index.php?rest_route=\/wp\/v2\/posts\/7001","targetHints":{"allow":["GET"]}}],"collection":[{"href":"https:\/\/albert.radom.pl\/index.php?rest_route=\/wp\/v2\/posts"}],"about":[{"href":"https:\/\/albert.radom.pl\/index.php?rest_route=\/wp\/v2\/types\/post"}],"author":[{"embeddable":true,"href":"https:\/\/albert.radom.pl\/index.php?rest_route=\/wp\/v2\/users\/1"}],"replies":[{"embeddable":true,"href":"https:\/\/albert.radom.pl\/index.php?rest_route=%2Fwp%2Fv2%2Fcomments&post=7001"}],"version-history":[{"count":2,"href":"https:\/\/albert.radom.pl\/index.php?rest_route=\/wp\/v2\/posts\/7001\/revisions"}],"predecessor-version":[{"id":7006,"href":"https:\/\/albert.radom.pl\/index.php?rest_route=\/wp\/v2\/posts\/7001\/revisions\/7006"}],"wp:featuredmedia":[{"embeddable":true,"href":"https:\/\/albert.radom.pl\/index.php?rest_route=\/wp\/v2\/media\/7002"}],"wp:attachment":[{"href":"https:\/\/albert.radom.pl\/index.php?rest_route=%2Fwp%2Fv2%2Fmedia&parent=7001"}],"wp:term":[{"taxonomy":"category","embeddable":true,"href":"https:\/\/albert.radom.pl\/index.php?rest_route=%2Fwp%2Fv2%2Fcategories&post=7001"},{"taxonomy":"post_tag","embeddable":true,"href":"https:\/\/albert.radom.pl\/index.php?rest_route=%2Fwp%2Fv2%2Ftags&post=7001"}],"curies":[{"name":"wp","href":"https:\/\/api.w.org\/{rel}","templated":true}]}}