{"id":718,"date":"2022-10-29T18:47:40","date_gmt":"2022-10-29T16:47:40","guid":{"rendered":"https:\/\/albert.radom.pl\/?p=718"},"modified":"2022-11-19T19:44:39","modified_gmt":"2022-11-19T18:44:39","slug":"prorok","status":"publish","type":"post","link":"https:\/\/albert.radom.pl\/?p=718","title":{"rendered":"&#8222;PROROK&#8221;. Premiera 11 listopada !"},"content":{"rendered":"<p><strong>Sensacyjny dramat historyczny o kard. Wyszy\u0144skim i jego politycznym zaanga\u017cowaniu to fabularyzowany debiut Micha\u0142a Kondrata. Film 11 listopada pojawi si\u0119 na ekranach kin.<\/strong><\/p>\n<p><!--more--><\/p>\n<p><strong>Na rozkaz wydany z g\u00f3ry \u2013 szpiegowany, \u015bledzony i nagrywany. W opozycji\u00a0do w\u0142adzy, na czele narodu stawia\u0142 op\u00f3r machinie komunistycznej, a\u00a0wszystko to na tle wa\u017cnych dla kraju wydarze\u0144 historycznych. Fragmenty\u00a0tajnych archiw\u00f3w z pods\u0142uch\u00f3w w ramach akcji pod kryptonimem \u201eProrok\u201dujrza\u0142y \u015bwiat\u0142o dzienne.<\/strong><\/p>\n<p>\u201eProrok\u201d to film fabularny o Kardynale Wyszy\u0144skim \u2013 prymasie Polski, kt\u00f3ry po trzech latach\u00a0internowania przez w\u0142adze komunistyczne ponownie staje na czele Ko\u015bcio\u0142a w Polsce.<\/p>\n<p>Film jest debiutem fabularnym Micha\u0142a Kondrata, kt\u00f3rego dotychczasowe dokumenty fabularyzowane\u00a0zdoby\u0142y uznanie widz\u00f3w na ca\u0142ym \u015bwiecie.<\/p>\n<p>\u201eProrok\u201d opowiada histori\u0119 prymasa, przyw\u00f3dcy duchowego i wizjonera, kt\u00f3ry pertraktuje z w\u0142adzami\u00a0komunistycznymi, by wynegocjowa\u0107 wi\u0119cej praw dla Ko\u015bcio\u0142a i uciemi\u0119\u017conego narodu. Pozorne\u00a0porozumienie zmienia si\u0119 w cich\u0105 wojn\u0119, walk\u0119 o wolno\u015b\u0107 religijn\u0105 i godno\u015b\u0107 cz\u0142owieka.<\/p>\n<p>Film uka\u017ce szerszej publiczno\u015bci ciekawe w\u0105tki z \u017cycia Kardyna\u0142a Stefana Wyszy\u0144skiego na tle\u00a0wa\u017cnych dla Polski wydarze\u0144 historycznych. Poka\u017ce nieugi\u0119tego przyw\u00f3dc\u0119, kt\u00f3ry nie boi si\u0119\u00a0rozmawia\u0107 z d\u0105\u017c\u0105cymi do zniszczenia Ko\u015bcio\u0142a komunistami, a jednocze\u015bnie cz\u0142owieka wiary, kt\u00f3ry\u00a0widzi dalej ni\u017c jego przeciwnicy. To w\u0142a\u015bnie on dostrzeg\u0142 Karola Wojty\u0142\u0119, kt\u00f3ry na jego wniosek zostanie\u00a0mianowany biskupem pomocniczym Krakowa.<\/p>\n<p>Wszystkie gabinetowe dialogi Prymasa z Gomu\u0142k\u0105 i Cyrankiewiczem oparte s\u0105 na stenogramach\u00a0sporz\u0105dzonych przez SB dzi\u0119ki zainstalowanym pods\u0142uchom.\u00a0Rz\u0105d wszelkimi metodami pr\u00f3buje zniszczy\u0107 prymasa wraz z jego wiernymi, d\u0105\u017c\u0105c do ca\u0142kowitej\u00a0ateizacji kraju. W tym celu rozpoczyna akcj\u0119 o kryptonimie \u201eProrok\u201d, zrzeszaj\u0105c\u0105 setki agent\u00f3w, kt\u00f3rzy\u00a0b\u0119d\u0105 \u015bledzi\u0107 ka\u017cdy krok Prymasa. Niezachwiana wiara i konsekwentna postawa duchownego spo\u0142ecznika-stratega, a tak\u017ce propagowanie przez niego wolno\u015bci, godno\u015bci jednostki i mi\u0142o\u015bci staj\u0105 si\u0119\u00a0prologiem do upadku komunizmu.<\/p>\n<p><strong>11 listopada \u201eProrok\u201d wchodzi do polskich kin<\/strong>, a 15 i 17 listopada b\u0119dzie mia\u0142 dystrybucj\u0119 w USA w oko\u0142o 800 kinach. Prawdopodobnie w podobnym czasie wejdzie r\u00f3wnie\u017c do kin w Anglii.<\/p>\n<p>Za produkcj\u0105 stoi Fundacja Filmowa im. \u015bw. Maksymiliana Kolbe, a koproducentami s\u0105 Telewizja Polska i Centrum Technologii Audiowizualnych. Obraz jest wsp\u00f3\u0142finansowany przez PiSF i dofinansowany ze \u015brodk\u00f3w MKiDN.<\/p>\n<p><iframe loading=\"lazy\" title=\"PROROK | OFICJALNY ZWIASTUN\" width=\"640\" height=\"360\" src=\"https:\/\/www.youtube.com\/embed\/AkW0URFiIXo?feature=oembed\" frameborder=\"0\" allow=\"accelerometer; autoplay; clipboard-write; encrypted-media; gyroscope; picture-in-picture; web-share\" referrerpolicy=\"strict-origin-when-cross-origin\" allowfullscreen><\/iframe><\/p>\n","protected":false},"excerpt":{"rendered":"<p>Sensacyjny dramat historyczny o kard. Wyszy\u0144skim i jego politycznym zaanga\u017cowaniu to fabularyzowany debiut Micha\u0142a Kondrata&#8230;.<\/p>\n","protected":false},"author":1,"featured_media":719,"comment_status":"closed","ping_status":"closed","sticky":false,"template":"","format":"standard","meta":{"footnotes":""},"categories":[39,36,13,14,17],"tags":[],"class_list":["post-718","post","type-post","status-publish","format-standard","has-post-thumbnail","hentry","category-film","category-kino","category-kultura-i-sztuka","category-polecamy","category-warto-obejrzec"],"featured_image_urls":{"full":["https:\/\/albert.radom.pl\/wp-content\/uploads\/2022\/10\/image003-1.jpg",392,565,false],"thumbnail":["https:\/\/albert.radom.pl\/wp-content\/uploads\/2022\/10\/image003-1-150x150.jpg",150,150,true],"medium":["https:\/\/albert.radom.pl\/wp-content\/uploads\/2022\/10\/image003-1-208x300.jpg",208,300,true],"medium_large":["https:\/\/albert.radom.pl\/wp-content\/uploads\/2022\/10\/image003-1.jpg",392,565,false],"large":["https:\/\/albert.radom.pl\/wp-content\/uploads\/2022\/10\/image003-1.jpg",392,565,false],"1536x1536":["https:\/\/albert.radom.pl\/wp-content\/uploads\/2022\/10\/image003-1.jpg",392,565,false],"2048x2048":["https:\/\/albert.radom.pl\/wp-content\/uploads\/2022\/10\/image003-1.jpg",392,565,false],"newsever-slider-full":["https:\/\/albert.radom.pl\/wp-content\/uploads\/2022\/10\/image003-1.jpg",392,565,false],"newsever-featured":["https:\/\/albert.radom.pl\/wp-content\/uploads\/2022\/10\/image003-1.jpg",392,565,false],"newsever-medium":["https:\/\/albert.radom.pl\/wp-content\/uploads\/2022\/10\/image003-1-392x475.jpg",392,475,true]},"author_info":{"display_name":"xdar","author_link":"https:\/\/albert.radom.pl\/?author=1"},"category_info":"<a href=\"https:\/\/albert.radom.pl\/?cat=39\" rel=\"category\">Film<\/a> <a href=\"https:\/\/albert.radom.pl\/?cat=36\" rel=\"category\">Kino<\/a> <a href=\"https:\/\/albert.radom.pl\/?cat=13\" rel=\"category\">Kultura i sztuka<\/a> <a href=\"https:\/\/albert.radom.pl\/?cat=14\" rel=\"category\">Polecamy<\/a> <a href=\"https:\/\/albert.radom.pl\/?cat=17\" rel=\"category\">Warto obejrze\u0107<\/a>","tag_info":"Warto obejrze\u0107","comment_count":"0","_links":{"self":[{"href":"https:\/\/albert.radom.pl\/index.php?rest_route=\/wp\/v2\/posts\/718","targetHints":{"allow":["GET"]}}],"collection":[{"href":"https:\/\/albert.radom.pl\/index.php?rest_route=\/wp\/v2\/posts"}],"about":[{"href":"https:\/\/albert.radom.pl\/index.php?rest_route=\/wp\/v2\/types\/post"}],"author":[{"embeddable":true,"href":"https:\/\/albert.radom.pl\/index.php?rest_route=\/wp\/v2\/users\/1"}],"replies":[{"embeddable":true,"href":"https:\/\/albert.radom.pl\/index.php?rest_route=%2Fwp%2Fv2%2Fcomments&post=718"}],"version-history":[{"count":2,"href":"https:\/\/albert.radom.pl\/index.php?rest_route=\/wp\/v2\/posts\/718\/revisions"}],"predecessor-version":[{"id":835,"href":"https:\/\/albert.radom.pl\/index.php?rest_route=\/wp\/v2\/posts\/718\/revisions\/835"}],"wp:featuredmedia":[{"embeddable":true,"href":"https:\/\/albert.radom.pl\/index.php?rest_route=\/wp\/v2\/media\/719"}],"wp:attachment":[{"href":"https:\/\/albert.radom.pl\/index.php?rest_route=%2Fwp%2Fv2%2Fmedia&parent=718"}],"wp:term":[{"taxonomy":"category","embeddable":true,"href":"https:\/\/albert.radom.pl\/index.php?rest_route=%2Fwp%2Fv2%2Fcategories&post=718"},{"taxonomy":"post_tag","embeddable":true,"href":"https:\/\/albert.radom.pl\/index.php?rest_route=%2Fwp%2Fv2%2Ftags&post=718"}],"curies":[{"name":"wp","href":"https:\/\/api.w.org\/{rel}","templated":true}]}}