{"id":7257,"date":"2025-05-08T22:00:40","date_gmt":"2025-05-08T20:00:40","guid":{"rendered":"https:\/\/albert.radom.pl\/?p=7257"},"modified":"2025-07-12T20:03:49","modified_gmt":"2025-07-12T18:03:49","slug":"leon-xiv-nowy-papiez","status":"publish","type":"post","link":"https:\/\/albert.radom.pl\/?p=7257","title":{"rendered":"Leon XIV &#8211; nowy Papie\u017c !"},"content":{"rendered":"<p>Sze\u015b\u0107dziesi\u0119ciodziewi\u0119cioletni kard. Robert Francis Prevost, to pierwszy papie\u017c augustianin i drugi po Franciszku papie\u017c z kontynentu ameryka\u0144skiego, cho\u0107 w przeciwie\u0144stwie do swego poprzednika, pochodzi z Ameryki P\u00f3\u0142nocnej. Nowy Biskup Rzymu urodzi\u0142 si\u0119 14 wrze\u015bnia 1955 r. w Chicago, w stanie Illinois, jako syn Louisa Mariusa Prevosta, pochodzenia francusko-w\u0142oskiego, oraz Mildred Mart\u00ednez, pochodzenia hiszpa\u0144skiego. Ma dw\u00f3ch braci \u2013 Louisa Martina i Johna Josepha.<\/p>\n<p>Dzieci\u0144stwo i m\u0142odo\u015b\u0107 sp\u0119dzi\u0142 z rodzin\u0105, ucz\u0119szczaj\u0105c najpierw do Ni\u017cszego Seminarium Ojc\u00f3w Augustian\u00f3w, a nast\u0119pnie do Villanova University w Pensylwanii, gdzie w 1977 r. uzyska\u0142 licencjat z matematyki i podj\u0105\u0142 studia filozoficzne. 1 wrze\u015bnia tego samego roku rozpocz\u0105\u0142 nowicjat w Zakonie Augustian\u00f3w w Saint Louis, w prowincji Matki Boskiej Dobrej Rady w Chicago, a 2 wrze\u015bnia 1978 r. z\u0142o\u017cy\u0142 pierwsz\u0105 profesj\u0119 zakonn\u0105. \u015aluby wieczyste z\u0142o\u017cy\u0142 natomiast 29 sierpnia 1981 r.<br \/>\nStudia teologiczne kontynuowa\u0142 w Catholic Theological Union w Chicago, wie\u0144cz\u0105c je uzyskaniem dyplomu. W wieku 27 lat zosta\u0142 wys\u0142any przez prze\u0142o\u017conych do Rzymu na studia z prawa kanonicznego na Papieskim Uniwersytecie \u015awi\u0119tego Tomasza z Akwinu (Angelicum). W tym czasie, 19 czerwca 1982 r. przyj\u0105\u0142 \u015bwi\u0119cenia kap\u0142a\u0144skie w kolegium augustia\u0144skim Santa Monica z r\u0105k abpa Jeana Jadota, \u00f3wczesnego pro-przewodnicz\u0105cego Papieskiej Rady ds. Niechrze\u015bcijan (obecnej Dykasterii ds. Dialogu Mi\u0119dzyreligijnego).<br \/>\nPrevost uzyska\u0142 licencjat kanoniczny w 1984 r., a rok p\u00f3\u017aniej, w ramach prac nad doktoratem, zosta\u0142 wys\u0142any na misj\u0119 augustia\u0144sk\u0105 w Chulucanas, w Piurze, w Peru (w latach 1985\u20131986). W 1987 r. obroni\u0142 rozpraw\u0119 doktorsk\u0105 na temat: \u201eRola przeora lokalnego w Zakonie \u015awi\u0119tego Augustyna\u201d i zosta\u0142 mianowany dyrektorem ds. powo\u0142a\u0144 oraz misji prowincji Matki Dobrej Rady w Olympia Fields w stanie Illinois (USA).<br \/>\nW nast\u0119pnym roku trafi\u0142 na misj\u0119 do Trujillo, r\u00f3wnie\u017c w Peru, jako dyrektor wsp\u00f3lnego programu formacyjnego dla kandydat\u00f3w augustia\u0144skich z wikariat\u00f3w Chulucanas, Iquitos i Apur\u00edmac. Na przestrzeni 11 lat pe\u0142ni\u0142 funkcje przeora wsp\u00f3lnoty (w latach 1988\u20131992), odpowiedzialnego za formacj\u0119 (w latach 1988\u20131998) i wychowawcy w seminarium (w latach 1992\u20131998). Pos\u0142ugiwa\u0142 tak\u017ce w archidiecezji Trujillo, jako wikariusz s\u0105dowy (w latach 1989\u20131998) a tak\u017ce by\u0142 wyk\u0142adowc\u0105 prawa kanonicznego, patrystyki i teologii moralnej w Wy\u017cszym Seminarium Duchownym San Carlos y San Marcelo. R\u00f3wnocze\u015bnie powierzono mu duszpastersk\u0105 opiek\u0119 nad wsp\u00f3lnot\u0105 Nuestra Se\u00f1ora Madre de la Iglesia, kt\u00f3ra zosta\u0142a nast\u0119pnie przekszta\u0142cona w parafi\u0119 pod wezwaniem \u015bw. Rity (pos\u0142ugiwa\u0142 tam w latach 1988\u20131999) i kt\u00f3ra znajduje si\u0119 na ubogim przedmie\u015bciu Trujillo. O. Prevost pe\u0142ni\u0142 r\u00f3wnie\u017c funkcj\u0119 administratora parafii Nuestra Se\u00f1ora de Monserrat (w latach 1992\u20131999).<br \/>\nW 1999 r. zosta\u0142 wybrany prowincja\u0142em prowincji augustia\u0144skiej \u201eMatki Dobrej Rady\u201d w Chicago, a dwa i p\u00f3\u0142 roku p\u00f3\u017aniej, podczas Kapitu\u0142y Generalnej Zakonu \u015awi\u0119tego Augustyna, wsp\u00f3\u0142bracia powierzyli mu misj\u0119 przeora generalnego, kt\u00f3r\u0105 kontynuowa\u0142 tak\u017ce w drugiej kadencji, po kapitule z 2007 r.<br \/>\nW pa\u017adzierniku 2013 r. wr\u00f3ci\u0142 do rodzimej prowincji w Chicago i zosta\u0142 odpowiedzialny za formacj\u0119 w klasztorze \u015bw. Augustyna, a tak\u017ce radnym i wikariuszem prowincjalnym. Funkcje te pe\u0142ni\u0142 do chwili, gdy Papie\u017c Franciszek mianowa\u0142 go 3 listopada 2014 r. administratorem apostolskim peruwia\u0144skiej diecezji Chiclayo, mianuj\u0105c go biskupem i przydzielaj\u0105c mu stolic\u0119 tytularn\u0105 Sufar. 7 listopada obj\u0105\u0142 diecezj\u0119. Nieco ponad miesi\u0105c p\u00f3\u017aniej, 12 grudnia w uroczysto\u015b\u0107 Matki Bo\u017cej z Guadalupe, nuncjusz apostolski w Peru abp James Patrick Green, udzieli\u0142 mu \u015bwi\u0119ce\u0144 biskupich.<br \/>\nJego zawo\u0142aniem biskupim s\u0105 s\u0142owa \u201eIn Illo uno unum\u201d \u2013 s\u0142owa \u015bw. Augustyna z Obja\u015bnie\u0144 do Psalmu 127, podkre\u015blaj\u0105ce, \u017ce \u201echocia\u017c my, chrze\u015bcijanie, jeste\u015bmy liczni, w Chrystusie stanowimy jedno\u201d.<br \/>\n26 wrze\u015bnia 2015 r. papie\u017c Frnciszek mianowa\u0142 go biskupem Chiclayo, a w marcu 2018 r. zosta\u0142 wybrany drugim wiceprzewodnicz\u0105cym Konferencji Episkopatu Peru, w kt\u00f3rej nale\u017ca\u0142 r\u00f3wnie\u017c do Rady Gospodarczej oraz by\u0142 przewodnicz\u0105cym Komisji ds. Kultury i Edukacji.<br \/>\n13 lipca 2019 r. Franciszek mianowa\u0142 go cz\u0142onkiem Kongregacji ds. Duchowie\u0144stwa, a rok p\u00f3\u017aniej tak\u017ce cz\u0142onkiem Kongregacji ds. Biskup\u00f3w (21 listopada 2019 r.) W mi\u0119dzyczasie, 15 kwietnia 2020 r., zosta\u0142 on administratorem apostolskim diecezji Callao w Peru.<br \/>\n30 stycznia 2023 r. papie\u017c mianowa\u0142 go prefektem Dykasterii ds. Biskup\u00f3w i przewodnicz\u0105cym Papieskiej Komisji ds. Ameryki \u0141aci\u0144skiej, podnosz\u0105c go do godno\u015bci arcybiskupa. Na konsystorzu 30 wrze\u015bnia tego samego roku kreowa\u0142 go kardyna\u0142em, z ko\u015bcio\u0142em tytularnym \u015bw. Moniki, nale\u017c\u0105cym do rzymskiej diakonii pod wezwaniem tej samej \u015bwi\u0119tej. Kard. Prevost obj\u0105\u0142 j\u0105 28 stycznia 2024 r. i jako prefekt dykasterii uczestniczy\u0142 w ostatnich podr\u00f3\u017cach apostolskich papie\u017ca Franciszka oraz w pierwszej i drugiej sesji XVI Zwyczajnego Zgromadzenia Og\u00f3lnego Synodu Biskup\u00f3w o synodalno\u015bci, odbywaj\u0105cych si\u0119 w Rzymie odpowiednio w dniach 4\u201329 pa\u017adziernika 2023 r. oraz 2\u201327 pa\u017adziernika 2024 r. Jako przeor generalny augustian\u00f3w i przedstawiciel Unii Prze\u0142o\u017conych Generalnych (USG) mia\u0142 ju\u017c bowiem do\u015bwiadczenie prac synodalnych.<br \/>\nNast\u0119pnie, 4 pa\u017adziernika 2023 r., Franciszek mianowa\u0142 go cz\u0142onkiem Dykasterii ds. Ewangelizacji (Sekcji do spraw Pierwszej Ewangelizacji i Nowych Ko\u015bcio\u0142\u00f3w Partykularnych), Dykasterii Nauki Wiary, Dykasterii ds. Ko\u015bcio\u0142\u00f3w Wschodnich, Dykasterii ds. Duchowie\u0144stwa, Dykasterii ds. Instytut\u00f3w \u017bycia Konsekrowanego i Stowarzysze\u0144 \u017bycia Apostolskiego, Dykasterii ds. Kultury i Edukacji, Dykasterii ds. Tekst\u00f3w Legislacyjnych, a tak\u017ce Papieskiej Komisji ds. Pa\u0144stwa Watyka\u0144skiego.<br \/>\n6 lutego bie\u017c\u0105cego roku papie\u017c w\u0142\u0105czy\u0142 go do grona kardyna\u0142\u00f3w biskup\u00f3w, przyznaj\u0105c mu diecezj\u0119 Albano.<br \/>\n3 marca, w czasie ostatniego pobytu papie\u017ca Franciszka w rzymskiej Poliklinice Gemelli, kard. Prevost przewodniczy\u0142 na Placu \u015bw. Piotra modlitwie r\u00f3\u017ca\u0144cowej, sprawowanej w intencji powrotu do zdrowia Ojca \u015awi\u0119tego.<\/p>\n<p>Leon XIV: Pierwsze s\u0142owa po wyborze<\/p>\n<p><iframe loading=\"lazy\" title=\"Leon XIV pierwsze s\u0142owa po wyborze\" width=\"640\" height=\"360\" src=\"https:\/\/www.youtube.com\/embed\/M30oW3zHUdM?feature=oembed\" frameborder=\"0\" allow=\"accelerometer; autoplay; clipboard-write; encrypted-media; gyroscope; picture-in-picture; web-share\" referrerpolicy=\"strict-origin-when-cross-origin\" allowfullscreen><\/iframe><\/p>\n<p>Pierwsza folia Ojca \u015awi\u0119tego Leona XIV:<\/p>\n<p><iframe loading=\"lazy\" title=\"Homilia papie\u017ca Leona XIV wyg\u0142oszona podczas Mszy \u015bwi\u0119tej w Kaplicy Syksty\u0144skiej\" width=\"640\" height=\"360\" src=\"https:\/\/www.youtube.com\/embed\/MefyKn9ngBI?feature=oembed\" frameborder=\"0\" allow=\"accelerometer; autoplay; clipboard-write; encrypted-media; gyroscope; picture-in-picture; web-share\" referrerpolicy=\"strict-origin-when-cross-origin\" allowfullscreen><\/iframe><\/p>\n<p style=\"text-align: right;\">\u0179r\u00f3d\u0142o: vaticaunews.va<\/p>\n","protected":false},"excerpt":{"rendered":"<p>Sze\u015b\u0107dziesi\u0119ciodziewi\u0119cioletni kard. Robert Francis Prevost, to pierwszy papie\u017c augustianin i drugi po Franciszku papie\u017c z&#8230;<\/p>\n","protected":false},"author":1,"featured_media":7258,"comment_status":"closed","ping_status":"closed","sticky":false,"template":"","format":"standard","meta":{"footnotes":""},"categories":[19,59],"tags":[],"class_list":["post-7257","post","type-post","status-publish","format-standard","has-post-thumbnail","hentry","category-aktualnosci","category-zycie-kosciola"],"featured_image_urls":{"full":["https:\/\/albert.radom.pl\/wp-content\/uploads\/2025\/05\/cq5dam.thumbnail.cropped.750.422.jpeg",750,422,false],"thumbnail":["https:\/\/albert.radom.pl\/wp-content\/uploads\/2025\/05\/cq5dam.thumbnail.cropped.750.422-150x150.jpeg",150,150,true],"medium":["https:\/\/albert.radom.pl\/wp-content\/uploads\/2025\/05\/cq5dam.thumbnail.cropped.750.422-300x169.jpeg",300,169,true],"medium_large":["https:\/\/albert.radom.pl\/wp-content\/uploads\/2025\/05\/cq5dam.thumbnail.cropped.750.422.jpeg",640,360,false],"large":["https:\/\/albert.radom.pl\/wp-content\/uploads\/2025\/05\/cq5dam.thumbnail.cropped.750.422.jpeg",640,360,false],"1536x1536":["https:\/\/albert.radom.pl\/wp-content\/uploads\/2025\/05\/cq5dam.thumbnail.cropped.750.422.jpeg",750,422,false],"2048x2048":["https:\/\/albert.radom.pl\/wp-content\/uploads\/2025\/05\/cq5dam.thumbnail.cropped.750.422.jpeg",750,422,false],"newsever-slider-full":["https:\/\/albert.radom.pl\/wp-content\/uploads\/2025\/05\/cq5dam.thumbnail.cropped.750.422.jpeg",750,422,false],"newsever-featured":["https:\/\/albert.radom.pl\/wp-content\/uploads\/2025\/05\/cq5dam.thumbnail.cropped.750.422.jpeg",750,422,false],"newsever-medium":["https:\/\/albert.radom.pl\/wp-content\/uploads\/2025\/05\/cq5dam.thumbnail.cropped.750.422-720x422.jpeg",720,422,true]},"author_info":{"display_name":"xdar","author_link":"https:\/\/albert.radom.pl\/?author=1"},"category_info":"<a href=\"https:\/\/albert.radom.pl\/?cat=19\" rel=\"category\">Aktualno\u015bci<\/a> <a href=\"https:\/\/albert.radom.pl\/?cat=59\" rel=\"category\">\u017bycie Ko\u015bcio\u0142a<\/a>","tag_info":"\u017bycie Ko\u015bcio\u0142a","comment_count":"0","_links":{"self":[{"href":"https:\/\/albert.radom.pl\/index.php?rest_route=\/wp\/v2\/posts\/7257","targetHints":{"allow":["GET"]}}],"collection":[{"href":"https:\/\/albert.radom.pl\/index.php?rest_route=\/wp\/v2\/posts"}],"about":[{"href":"https:\/\/albert.radom.pl\/index.php?rest_route=\/wp\/v2\/types\/post"}],"author":[{"embeddable":true,"href":"https:\/\/albert.radom.pl\/index.php?rest_route=\/wp\/v2\/users\/1"}],"replies":[{"embeddable":true,"href":"https:\/\/albert.radom.pl\/index.php?rest_route=%2Fwp%2Fv2%2Fcomments&post=7257"}],"version-history":[{"count":3,"href":"https:\/\/albert.radom.pl\/index.php?rest_route=\/wp\/v2\/posts\/7257\/revisions"}],"predecessor-version":[{"id":7261,"href":"https:\/\/albert.radom.pl\/index.php?rest_route=\/wp\/v2\/posts\/7257\/revisions\/7261"}],"wp:featuredmedia":[{"embeddable":true,"href":"https:\/\/albert.radom.pl\/index.php?rest_route=\/wp\/v2\/media\/7258"}],"wp:attachment":[{"href":"https:\/\/albert.radom.pl\/index.php?rest_route=%2Fwp%2Fv2%2Fmedia&parent=7257"}],"wp:term":[{"taxonomy":"category","embeddable":true,"href":"https:\/\/albert.radom.pl\/index.php?rest_route=%2Fwp%2Fv2%2Fcategories&post=7257"},{"taxonomy":"post_tag","embeddable":true,"href":"https:\/\/albert.radom.pl\/index.php?rest_route=%2Fwp%2Fv2%2Ftags&post=7257"}],"curies":[{"name":"wp","href":"https:\/\/api.w.org\/{rel}","templated":true}]}}