{"id":7658,"date":"2025-07-08T10:55:20","date_gmt":"2025-07-08T08:55:20","guid":{"rendered":"https:\/\/albert.radom.pl\/?p=7658"},"modified":"2025-07-08T10:55:20","modified_gmt":"2025-07-08T08:55:20","slug":"lipcowe-nabozenstwo-fatimskie","status":"publish","type":"post","link":"https:\/\/albert.radom.pl\/?p=7658","title":{"rendered":"Lipcowe Nabo\u017ce\u0144stwo Fatimskie"},"content":{"rendered":"<p>W najbli\u017csz\u0105 niedziel\u0119 (13.07) po Mszy \u015aw. o godzinie 18.00 odb\u0119dzie si\u0119 kolejne w tym roku Nabo\u017ce\u0144stwo Fatimskie.<!--more--><\/p>\n<p>Rozpoczniemy wsp\u00f3ln\u0105 modlitw\u0105 r\u00f3\u017ca\u0144cow\u0105 przed figur\u0105 Matki Bo\u017cej Fatimskiej w ko\u015bciele. Nast\u0119pnie b\u0119dzie mia\u0142a miejsce procesja z figur\u0105 Matki Bo\u017cej Fatimskiej<br \/>\nwok\u00f3\u0142 ko\u015bcio\u0142a, a zako\u0144czymy w ko\u015bciele zawierzeniem Ojczyzny, Parafii i naszych rodzin Matce Bo\u017cej Fatimskiej.<br \/>\nZapraszamy do wsp\u00f3lnej modlitwy!<\/p>\n","protected":false},"excerpt":{"rendered":"<p>W najbli\u017csz\u0105 niedziel\u0119 (13.07) po Mszy \u015aw. o godzinie 18.00 odb\u0119dzie si\u0119 kolejne w tym&#8230;<\/p>\n","protected":false},"author":1,"featured_media":7659,"comment_status":"closed","ping_status":"closed","sticky":false,"template":"","format":"standard","meta":{"footnotes":""},"categories":[19],"tags":[],"class_list":["post-7658","post","type-post","status-publish","format-standard","has-post-thumbnail","hentry","category-aktualnosci"],"featured_image_urls":{"full":["https:\/\/albert.radom.pl\/wp-content\/uploads\/2025\/07\/nab-fitim.png",1095,639,false],"thumbnail":["https:\/\/albert.radom.pl\/wp-content\/uploads\/2025\/07\/nab-fitim-150x150.png",150,150,true],"medium":["https:\/\/albert.radom.pl\/wp-content\/uploads\/2025\/07\/nab-fitim-300x175.png",300,175,true],"medium_large":["https:\/\/albert.radom.pl\/wp-content\/uploads\/2025\/07\/nab-fitim-768x448.png",640,373,true],"large":["https:\/\/albert.radom.pl\/wp-content\/uploads\/2025\/07\/nab-fitim-1024x598.png",640,374,true],"1536x1536":["https:\/\/albert.radom.pl\/wp-content\/uploads\/2025\/07\/nab-fitim.png",1095,639,false],"2048x2048":["https:\/\/albert.radom.pl\/wp-content\/uploads\/2025\/07\/nab-fitim.png",1095,639,false],"newsever-slider-full":["https:\/\/albert.radom.pl\/wp-content\/uploads\/2025\/07\/nab-fitim.png",1095,639,false],"newsever-featured":["https:\/\/albert.radom.pl\/wp-content\/uploads\/2025\/07\/nab-fitim-1024x598.png",1024,598,true],"newsever-medium":["https:\/\/albert.radom.pl\/wp-content\/uploads\/2025\/07\/nab-fitim-720x475.png",720,475,true]},"author_info":{"display_name":"xdar","author_link":"https:\/\/albert.radom.pl\/?author=1"},"category_info":"<a href=\"https:\/\/albert.radom.pl\/?cat=19\" rel=\"category\">Aktualno\u015bci<\/a>","tag_info":"Aktualno\u015bci","comment_count":"0","_links":{"self":[{"href":"https:\/\/albert.radom.pl\/index.php?rest_route=\/wp\/v2\/posts\/7658","targetHints":{"allow":["GET"]}}],"collection":[{"href":"https:\/\/albert.radom.pl\/index.php?rest_route=\/wp\/v2\/posts"}],"about":[{"href":"https:\/\/albert.radom.pl\/index.php?rest_route=\/wp\/v2\/types\/post"}],"author":[{"embeddable":true,"href":"https:\/\/albert.radom.pl\/index.php?rest_route=\/wp\/v2\/users\/1"}],"replies":[{"embeddable":true,"href":"https:\/\/albert.radom.pl\/index.php?rest_route=%2Fwp%2Fv2%2Fcomments&post=7658"}],"version-history":[{"count":1,"href":"https:\/\/albert.radom.pl\/index.php?rest_route=\/wp\/v2\/posts\/7658\/revisions"}],"predecessor-version":[{"id":7660,"href":"https:\/\/albert.radom.pl\/index.php?rest_route=\/wp\/v2\/posts\/7658\/revisions\/7660"}],"wp:featuredmedia":[{"embeddable":true,"href":"https:\/\/albert.radom.pl\/index.php?rest_route=\/wp\/v2\/media\/7659"}],"wp:attachment":[{"href":"https:\/\/albert.radom.pl\/index.php?rest_route=%2Fwp%2Fv2%2Fmedia&parent=7658"}],"wp:term":[{"taxonomy":"category","embeddable":true,"href":"https:\/\/albert.radom.pl\/index.php?rest_route=%2Fwp%2Fv2%2Fcategories&post=7658"},{"taxonomy":"post_tag","embeddable":true,"href":"https:\/\/albert.radom.pl\/index.php?rest_route=%2Fwp%2Fv2%2Ftags&post=7658"}],"curies":[{"name":"wp","href":"https:\/\/api.w.org\/{rel}","templated":true}]}}