{"id":7678,"date":"2025-07-19T20:34:04","date_gmt":"2025-07-19T18:34:04","guid":{"rendered":"https:\/\/albert.radom.pl\/?p=7678"},"modified":"2025-08-06T12:40:56","modified_gmt":"2025-08-06T10:40:56","slug":"7678","status":"publish","type":"post","link":"https:\/\/albert.radom.pl\/?p=7678","title":{"rendered":"47. Piesza Pielgrzymka Diecezji Radomskiej &#8211; P\u00f3jd\u017a z Grup\u0105 22 !"},"content":{"rendered":"<p>Wielkimi krokami zbli\u017ca si\u0119 <strong>Piesza Pielgrzymka Diecezji Radomskiej na Jasn\u0105 G\u00f3r\u0119<\/strong>.<!--more--><\/p>\n<p>W tym roku pielgrzymujemy pod has\u0142em: <strong>\u201ePielgrzymi nadziei\u201d<\/strong>.<\/p>\n<p>Zapraszamy do udzia\u0142u w <strong>pielgrzymce jubileuszowej Grupy 22 z par. \u015aw. Brata Alberta w Radomiu<\/strong>. W tym roku grupa prze\u017cywa <strong>40-lecie swojego istnienia<\/strong>, wspominaj\u0105c pierwsze wyj\u015bcie grupy w roku 1985.<\/p>\n<p>Pielgrzymka wyrusza 6 sierpnia by przez kolejnych 8 dni rekolekcji w drodze dotrze\u0107 do Sanktuarium MB Cz\u0119stochowskiej na Jasnej G\u00f3rze w dniu 13 sierpnia.<br \/>\nZach\u0119camy do p\u00f3j\u015bcia z grup\u0105 22, w kt\u00f3rej oferujemy wspania\u0142y, rodzinny klimat, opiek\u0119 duchow\u0105, wykwalifikowane s\u0142u\u017cby pielgrzymkowe oraz doskona\u0142e zaplecze sanitarno-gastronomiczne (obiady z kuchni polowej oraz prysznice na noclegach).<br \/>\nNoclegi odbywaj\u0105 si\u0119 na polach namiotowych oraz remizach i szkole.<br \/>\n<strong>Koszt udzia\u0142u w pielgrzymce to 140 z\u0142 &#8211; doro\u015bli oraz 70 z\u0142 m\u0142odzie\u017c od 10 roku \u017cycia oraz 30 z\u0142 dzieci do 10 roku \u017cycia.<\/strong><br \/>\nDla rodzin wielodzietnych przewidziane promocje i udogodnienia.<\/p>\n<p><strong>Zapisy na pielgrzymk\u0119 rozpoczynaj\u0105 si\u0119 od poniedzia\u0142ku 28 lipca w godzinach kancelarii parafialnej oraz po Mszy \u015bw o godz. 18:00.<\/strong><br \/>\nW niedziel\u0119 3 sierpnia zapisy po ka\u017cdej Mszy \u015bw.<br \/>\nProsimy o zapisywanie si\u0119 wcze\u015bniej by mo\u017cna by\u0142o zaplanowa\u0107 logistycznie pielgrzymk\u0119.<br \/>\nZapisy na pielgrzymk\u0119 odbywaj\u0105 si\u0119 z <a href=\"https:\/\/albert.radom.pl\/wp-content\/uploads\/2025\/07\/Karta-Pielgrzyma-Grupa-22-Radom.pdf\" target=\"_blank\" rel=\"noopener\"><strong>kart\u0105 zg\u0142oszeniow\u0105 dost\u0119pn\u0105 w kancelarii i naszej stronie internetowej &#8211; POD TYM LINKIEM<\/strong><\/a><\/p>\n<p>Dla pielgrzym\u00f3w mo\u017cliwy jest tak\u017ce powr\u00f3t autokarem &#8211; koszt 70 z\u0142.<\/p>\n<p>Zapraszamy do \u015bledzenia medi\u00f3w spo\u0142eczno\u015bciowych naszej grupy 22 na Facebooku, Instragramie oraz stronie internetowej www.albert.radom.pl<\/p>\n<p style=\"text-align: center;\"><img loading=\"lazy\" decoding=\"async\" class=\"aligncenter size-full wp-image-7680\" src=\"https:\/\/albert.radom.pl\/wp-content\/uploads\/2025\/07\/PP22-2025.jpg\" alt=\"\" width=\"723\" height=\"1024\" srcset=\"https:\/\/albert.radom.pl\/wp-content\/uploads\/2025\/07\/PP22-2025.jpg 723w, https:\/\/albert.radom.pl\/wp-content\/uploads\/2025\/07\/PP22-2025-212x300.jpg 212w\" sizes=\"auto, (max-width: 723px) 100vw, 723px\" \/><\/p>\n","protected":false},"excerpt":{"rendered":"<p>Wielkimi krokami zbli\u017ca si\u0119 Piesza Pielgrzymka Diecezji Radomskiej na Jasn\u0105 G\u00f3r\u0119.<\/p>\n","protected":false},"author":1,"featured_media":7679,"comment_status":"closed","ping_status":"closed","sticky":false,"template":"","format":"standard","meta":{"footnotes":""},"categories":[19,54],"tags":[],"class_list":["post-7678","post","type-post","status-publish","format-standard","has-post-thumbnail","hentry","category-aktualnosci","category-grupa-pielgrzymkowa-nr-22"],"featured_image_urls":{"full":["https:\/\/albert.radom.pl\/wp-content\/uploads\/2025\/07\/PP22-2025-BANNER.jpg",713,569,false],"thumbnail":["https:\/\/albert.radom.pl\/wp-content\/uploads\/2025\/07\/PP22-2025-BANNER-150x150.jpg",150,150,true],"medium":["https:\/\/albert.radom.pl\/wp-content\/uploads\/2025\/07\/PP22-2025-BANNER-300x239.jpg",300,239,true],"medium_large":["https:\/\/albert.radom.pl\/wp-content\/uploads\/2025\/07\/PP22-2025-BANNER.jpg",640,511,false],"large":["https:\/\/albert.radom.pl\/wp-content\/uploads\/2025\/07\/PP22-2025-BANNER.jpg",640,511,false],"1536x1536":["https:\/\/albert.radom.pl\/wp-content\/uploads\/2025\/07\/PP22-2025-BANNER.jpg",713,569,false],"2048x2048":["https:\/\/albert.radom.pl\/wp-content\/uploads\/2025\/07\/PP22-2025-BANNER.jpg",713,569,false],"newsever-slider-full":["https:\/\/albert.radom.pl\/wp-content\/uploads\/2025\/07\/PP22-2025-BANNER.jpg",713,569,false],"newsever-featured":["https:\/\/albert.radom.pl\/wp-content\/uploads\/2025\/07\/PP22-2025-BANNER.jpg",713,569,false],"newsever-medium":["https:\/\/albert.radom.pl\/wp-content\/uploads\/2025\/07\/PP22-2025-BANNER-713x475.jpg",713,475,true]},"author_info":{"display_name":"xdar","author_link":"https:\/\/albert.radom.pl\/?author=1"},"category_info":"<a href=\"https:\/\/albert.radom.pl\/?cat=19\" rel=\"category\">Aktualno\u015bci<\/a> <a href=\"https:\/\/albert.radom.pl\/?cat=54\" rel=\"category\">Grupa pielgrzymkowa nr 22<\/a>","tag_info":"Grupa pielgrzymkowa nr 22","comment_count":"0","_links":{"self":[{"href":"https:\/\/albert.radom.pl\/index.php?rest_route=\/wp\/v2\/posts\/7678","targetHints":{"allow":["GET"]}}],"collection":[{"href":"https:\/\/albert.radom.pl\/index.php?rest_route=\/wp\/v2\/posts"}],"about":[{"href":"https:\/\/albert.radom.pl\/index.php?rest_route=\/wp\/v2\/types\/post"}],"author":[{"embeddable":true,"href":"https:\/\/albert.radom.pl\/index.php?rest_route=\/wp\/v2\/users\/1"}],"replies":[{"embeddable":true,"href":"https:\/\/albert.radom.pl\/index.php?rest_route=%2Fwp%2Fv2%2Fcomments&post=7678"}],"version-history":[{"count":3,"href":"https:\/\/albert.radom.pl\/index.php?rest_route=\/wp\/v2\/posts\/7678\/revisions"}],"predecessor-version":[{"id":7684,"href":"https:\/\/albert.radom.pl\/index.php?rest_route=\/wp\/v2\/posts\/7678\/revisions\/7684"}],"wp:featuredmedia":[{"embeddable":true,"href":"https:\/\/albert.radom.pl\/index.php?rest_route=\/wp\/v2\/media\/7679"}],"wp:attachment":[{"href":"https:\/\/albert.radom.pl\/index.php?rest_route=%2Fwp%2Fv2%2Fmedia&parent=7678"}],"wp:term":[{"taxonomy":"category","embeddable":true,"href":"https:\/\/albert.radom.pl\/index.php?rest_route=%2Fwp%2Fv2%2Fcategories&post=7678"},{"taxonomy":"post_tag","embeddable":true,"href":"https:\/\/albert.radom.pl\/index.php?rest_route=%2Fwp%2Fv2%2Ftags&post=7678"}],"curies":[{"name":"wp","href":"https:\/\/api.w.org\/{rel}","templated":true}]}}