{"id":7685,"date":"2025-07-13T20:40:35","date_gmt":"2025-07-13T18:40:35","guid":{"rendered":"https:\/\/albert.radom.pl\/?p=7685"},"modified":"2025-07-19T20:42:38","modified_gmt":"2025-07-19T18:42:38","slug":"msza-imieninowa-ks-kamila-borkowskiego","status":"publish","type":"post","link":"https:\/\/albert.radom.pl\/?p=7685","title":{"rendered":"Msza imieninowa ks. Kamila Borkowskiego"},"content":{"rendered":"<p>Podczas mszy \u015bwi\u0119tej o godzinie 9:00 modlili\u015bmy si\u0119 w intencji jutrzejszego solenizanta- \u00a0naszego wikariusza ksi\u0119dza Kamila Borkowskiego.<!--more--><\/p>\n<p>Drogiemu solenizantowi sk\u0142adamy najlepsze \u017cyczenia, aby Pan B\u00f3g b\u0142ogos\u0142awi\u0142 mu w dalszej pos\u0142udze kap\u0142a\u0144skiej w naszej parafii.<\/p>\n<div id='gallery-1' class='gallery galleryid-7685 gallery-columns-6 gallery-size-thumbnail'><figure class='gallery-item'>\n\t\t\t<div class='gallery-icon portrait'>\n\t\t\t\t<a href='https:\/\/albert.radom.pl\/wp-content\/uploads\/2025\/07\/518361706_1038591141778752_4581467732288992098_n.jpg'><img loading=\"lazy\" decoding=\"async\" width=\"150\" height=\"150\" src=\"https:\/\/albert.radom.pl\/wp-content\/uploads\/2025\/07\/518361706_1038591141778752_4581467732288992098_n-150x150.jpg\" class=\"attachment-thumbnail size-thumbnail\" alt=\"\" \/><\/a>\n\t\t\t<\/div><\/figure><figure class='gallery-item'>\n\t\t\t<div class='gallery-icon portrait'>\n\t\t\t\t<a href='https:\/\/albert.radom.pl\/wp-content\/uploads\/2025\/07\/518333660_1038590978445435_3015378167667819814_n.jpg'><img loading=\"lazy\" decoding=\"async\" width=\"150\" height=\"150\" src=\"https:\/\/albert.radom.pl\/wp-content\/uploads\/2025\/07\/518333660_1038590978445435_3015378167667819814_n-150x150.jpg\" class=\"attachment-thumbnail size-thumbnail\" alt=\"\" \/><\/a>\n\t\t\t<\/div><\/figure><figure class='gallery-item'>\n\t\t\t<div class='gallery-icon portrait'>\n\t\t\t\t<a href='https:\/\/albert.radom.pl\/wp-content\/uploads\/2025\/07\/518333660_1038590978445435_3015378167667819814_n-1.jpg'><img loading=\"lazy\" decoding=\"async\" width=\"150\" height=\"150\" src=\"https:\/\/albert.radom.pl\/wp-content\/uploads\/2025\/07\/518333660_1038590978445435_3015378167667819814_n-1-150x150.jpg\" class=\"attachment-thumbnail size-thumbnail\" alt=\"\" \/><\/a>\n\t\t\t<\/div><\/figure><figure class='gallery-item'>\n\t\t\t<div class='gallery-icon portrait'>\n\t\t\t\t<a href='https:\/\/albert.radom.pl\/wp-content\/uploads\/2025\/07\/518294548_1038591115112088_2423231089306720280_n.jpg'><img loading=\"lazy\" decoding=\"async\" width=\"150\" height=\"150\" src=\"https:\/\/albert.radom.pl\/wp-content\/uploads\/2025\/07\/518294548_1038591115112088_2423231089306720280_n-150x150.jpg\" class=\"attachment-thumbnail size-thumbnail\" alt=\"\" \/><\/a>\n\t\t\t<\/div><\/figure><figure class='gallery-item'>\n\t\t\t<div class='gallery-icon portrait'>\n\t\t\t\t<a href='https:\/\/albert.radom.pl\/wp-content\/uploads\/2025\/07\/518303464_1038591058445427_3564145061167249680_n.jpg'><img loading=\"lazy\" decoding=\"async\" width=\"150\" height=\"150\" src=\"https:\/\/albert.radom.pl\/wp-content\/uploads\/2025\/07\/518303464_1038591058445427_3564145061167249680_n-150x150.jpg\" class=\"attachment-thumbnail size-thumbnail\" alt=\"\" \/><\/a>\n\t\t\t<\/div><\/figure><figure class='gallery-item'>\n\t\t\t<div class='gallery-icon portrait'>\n\t\t\t\t<a href='https:\/\/albert.radom.pl\/wp-content\/uploads\/2025\/07\/518291109_1038590995112100_2781197019838119218_n.jpg'><img loading=\"lazy\" decoding=\"async\" width=\"150\" height=\"150\" src=\"https:\/\/albert.radom.pl\/wp-content\/uploads\/2025\/07\/518291109_1038590995112100_2781197019838119218_n-150x150.jpg\" class=\"attachment-thumbnail size-thumbnail\" alt=\"\" \/><\/a>\n\t\t\t<\/div><\/figure>\n\t\t<\/div>\n\n","protected":false},"excerpt":{"rendered":"<p>Podczas mszy \u015bwi\u0119tej o godzinie 9:00 modlili\u015bmy si\u0119 w intencji jutrzejszego solenizanta- \u00a0naszego wikariusza ksi\u0119dza&#8230;<\/p>\n","protected":false},"author":1,"featured_media":7688,"comment_status":"closed","ping_status":"closed","sticky":false,"template":"","format":"standard","meta":{"footnotes":""},"categories":[19],"tags":[],"class_list":["post-7685","post","type-post","status-publish","format-standard","has-post-thumbnail","hentry","category-aktualnosci"],"featured_image_urls":{"full":["https:\/\/albert.radom.pl\/wp-content\/uploads\/2025\/07\/518303464_1038591058445427_3564145061167249680_n.jpg",1536,2048,false],"thumbnail":["https:\/\/albert.radom.pl\/wp-content\/uploads\/2025\/07\/518303464_1038591058445427_3564145061167249680_n-150x150.jpg",150,150,true],"medium":["https:\/\/albert.radom.pl\/wp-content\/uploads\/2025\/07\/518303464_1038591058445427_3564145061167249680_n-225x300.jpg",225,300,true],"medium_large":["https:\/\/albert.radom.pl\/wp-content\/uploads\/2025\/07\/518303464_1038591058445427_3564145061167249680_n-768x1024.jpg",640,853,true],"large":["https:\/\/albert.radom.pl\/wp-content\/uploads\/2025\/07\/518303464_1038591058445427_3564145061167249680_n-768x1024.jpg",640,853,true],"1536x1536":["https:\/\/albert.radom.pl\/wp-content\/uploads\/2025\/07\/518303464_1038591058445427_3564145061167249680_n-1152x1536.jpg",1152,1536,true],"2048x2048":["https:\/\/albert.radom.pl\/wp-content\/uploads\/2025\/07\/518303464_1038591058445427_3564145061167249680_n.jpg",1536,2048,false],"newsever-slider-full":["https:\/\/albert.radom.pl\/wp-content\/uploads\/2025\/07\/518303464_1038591058445427_3564145061167249680_n-1280x845.jpg",1280,845,true],"newsever-featured":["https:\/\/albert.radom.pl\/wp-content\/uploads\/2025\/07\/518303464_1038591058445427_3564145061167249680_n-1024x1365.jpg",1024,1365,true],"newsever-medium":["https:\/\/albert.radom.pl\/wp-content\/uploads\/2025\/07\/518303464_1038591058445427_3564145061167249680_n-720x475.jpg",720,475,true]},"author_info":{"display_name":"xdar","author_link":"https:\/\/albert.radom.pl\/?author=1"},"category_info":"<a href=\"https:\/\/albert.radom.pl\/?cat=19\" rel=\"category\">Aktualno\u015bci<\/a>","tag_info":"Aktualno\u015bci","comment_count":"0","_links":{"self":[{"href":"https:\/\/albert.radom.pl\/index.php?rest_route=\/wp\/v2\/posts\/7685","targetHints":{"allow":["GET"]}}],"collection":[{"href":"https:\/\/albert.radom.pl\/index.php?rest_route=\/wp\/v2\/posts"}],"about":[{"href":"https:\/\/albert.radom.pl\/index.php?rest_route=\/wp\/v2\/types\/post"}],"author":[{"embeddable":true,"href":"https:\/\/albert.radom.pl\/index.php?rest_route=\/wp\/v2\/users\/1"}],"replies":[{"embeddable":true,"href":"https:\/\/albert.radom.pl\/index.php?rest_route=%2Fwp%2Fv2%2Fcomments&post=7685"}],"version-history":[{"count":1,"href":"https:\/\/albert.radom.pl\/index.php?rest_route=\/wp\/v2\/posts\/7685\/revisions"}],"predecessor-version":[{"id":7692,"href":"https:\/\/albert.radom.pl\/index.php?rest_route=\/wp\/v2\/posts\/7685\/revisions\/7692"}],"wp:featuredmedia":[{"embeddable":true,"href":"https:\/\/albert.radom.pl\/index.php?rest_route=\/wp\/v2\/media\/7688"}],"wp:attachment":[{"href":"https:\/\/albert.radom.pl\/index.php?rest_route=%2Fwp%2Fv2%2Fmedia&parent=7685"}],"wp:term":[{"taxonomy":"category","embeddable":true,"href":"https:\/\/albert.radom.pl\/index.php?rest_route=%2Fwp%2Fv2%2Fcategories&post=7685"},{"taxonomy":"post_tag","embeddable":true,"href":"https:\/\/albert.radom.pl\/index.php?rest_route=%2Fwp%2Fv2%2Ftags&post=7685"}],"curies":[{"name":"wp","href":"https:\/\/api.w.org\/{rel}","templated":true}]}}