{"id":7852,"date":"2025-09-12T20:32:55","date_gmt":"2025-09-12T18:32:55","guid":{"rendered":"https:\/\/albert.radom.pl\/?p=7852"},"modified":"2025-09-17T21:15:16","modified_gmt":"2025-09-17T19:15:16","slug":"przygotowanie-do-pierwszej-komunii-swietej-w-roku-szkolnym-2025-2026","status":"publish","type":"post","link":"https:\/\/albert.radom.pl\/?p=7852","title":{"rendered":"Przygotowanie do Pierwszej Komunii \u015awi\u0119tej w Roku Szkolnym 2025\/2026"},"content":{"rendered":"<p><strong>Prosimy rodzic\u00f3w o zg\u0142aszanie dzieci do I Komunii \u015awi\u0119tej, kt\u00f3ra odb\u0119dzie si\u0119 10 maja 2026 r. o godzinie 9.00.<\/strong><!--more--><\/p>\n<p><a href=\"https:\/\/forms.gle\/Z4JJ8QZUs4iYjofq5\" target=\"_blank\" rel=\"noopener\"><span style=\"text-decoration: underline; color: #ff0000;\"><strong>Formularz zg\u0142oszeniowy<\/strong><\/span><\/a> mo\u017cna wype\u0142ni\u0107 tylko on-line do 30 wrze\u015bnia, pod tym adresem:<br \/>\n<a href=\"https:\/\/forms.gle\/Z4JJ8QZUs4iYjofq5\" target=\"_blank\" rel=\"noopener\">https:\/\/forms.gle\/Z4JJ8QZUs4iYjofq5<\/a><\/p>\n<p><strong>Katecheza dzieci<\/strong> obejmuje:<br \/>\n1. Katechez\u0119 szkoln\u0105 w ramach religii<br \/>\n2. Katechez\u0119 domow\u0105 (zbieranie i modlitwa S\u0142owem Bo\u017cym z niedzieli)<br \/>\n3. Niedzielne kazania dla dzieci na Mszy \u015bw. o godz. 11:00<\/p>\n<p>A tak\u017ce <strong>wydarzeni liturgiczne<\/strong>:<br \/>\n1. Po\u015bwi\u0119cenie r\u00f3\u017ca\u0144c\u00f3w<br \/>\n2. Po\u015bwi\u0119cenie medalik\u00f3w<br \/>\n3. Po\u015bwi\u0119cenie ksi\u0105\u017ceczek do nabo\u017ce\u0144stwa<br \/>\n4. Materia\u0142 pami\u0119ciowy do zaliczenia<\/p>\n<p>Na ko\u0144cu zeszytu \u0107wicze\u0144 jest <strong>tabelka z obowi\u0105zkowymi modlitwami i tre\u015bciami do nauczenia przez dzieci<\/strong>.<br \/>\nWarto, aby dzieci w szkole w najbli\u017cszym czasie zna\u0142y w\/w tre\u015bci i potrafi\u0142y na nie odpowiedzie\u0107 przed katechet\u0105 w szkole co nauczyciel religii potwierdza podpisem.<br \/>\nProsz\u0119 zach\u0119ci\u0107 dzieci, aby tre\u015bci zalicza\u0142y regularnie, oraz by nie zostawia\u0107 tego na ko\u0144cowe miesi\u0105ce.<\/p>\n<p><strong>Zapraszamy dzieci do udzia\u0142u we wsp\u00f3lnotach parafialnych:<\/strong><br \/>\n<span style=\"text-decoration: underline;\">SCHOLA<\/span> \u2013 soboty godz. 11:00<br \/>\n<span style=\"text-decoration: underline;\">MINISTRANCI<\/span> \u2013 soboty godz. 9:00<\/p>\n<p><strong>Rodzic\u00f3w zapraszamy do wsp\u00f3lnot:<\/strong><br \/>\n<span style=\"text-decoration: underline;\">Domowego Ko\u015bcio\u0142a<\/span> lub <span style=\"text-decoration: underline;\">Odnowy w Duchu \u015awi\u0119tym<\/span>.<\/p>\n<p><strong>Obowi\u0105zkowe jest uczestnictwo w pr\u00f3bach komunijnych.<\/strong><\/p>\n<p><strong>\u201eKomitet Rodzicielski\u201d<\/strong> odpowiada za sprawy organizacyjne, w tym: wyb\u00f3r fotografa, wystr\u00f3j ko\u015bcio\u0142a w dniu uroczysto\u015bci, wyb\u00f3r stroj\u00f3w, itp.; Str\u00f3j komunijny jest jednolity. Nie ma dowolno\u015bci w komunijnym ubiorze dzieci.<br \/>\nW trakcie uroczysto\u015bci s\u0105 wykonywane pami\u0105tkowe fotografie przez jedn\u0105 firm\u0119 fotograficzn\u0105. Nie ma mo\u017cliwo\u015bci zaanga\u017cowania dodatkowych fotograf\u00f3w lub nagrywania filmu.<\/p>\n<p><strong>Kontakt do ksi\u0119dza prowadz\u0105cego:<\/strong> Ks. Dominik Dryja, e-mail: komunia2026@dryja.eu<\/p>\n","protected":false},"excerpt":{"rendered":"<p>Prosimy rodzic\u00f3w o zg\u0142aszanie dzieci do I Komunii \u015awi\u0119tej, kt\u00f3ra odb\u0119dzie si\u0119 10 maja 2026&#8230;<\/p>\n","protected":false},"author":1,"featured_media":7854,"comment_status":"closed","ping_status":"closed","sticky":false,"template":"","format":"standard","meta":{"footnotes":""},"categories":[19,28],"tags":[],"class_list":["post-7852","post","type-post","status-publish","format-standard","has-post-thumbnail","hentry","category-aktualnosci","category-eucharystia-i-komunia-sw"],"featured_image_urls":{"full":["https:\/\/albert.radom.pl\/wp-content\/uploads\/2025\/09\/komunia-scaled.jpg",2560,1341,false],"thumbnail":["https:\/\/albert.radom.pl\/wp-content\/uploads\/2025\/09\/komunia-150x150.jpg",150,150,true],"medium":["https:\/\/albert.radom.pl\/wp-content\/uploads\/2025\/09\/komunia-300x157.jpg",300,157,true],"medium_large":["https:\/\/albert.radom.pl\/wp-content\/uploads\/2025\/09\/komunia-768x402.jpg",640,335,true],"large":["https:\/\/albert.radom.pl\/wp-content\/uploads\/2025\/09\/komunia-1024x536.jpg",640,335,true],"1536x1536":["https:\/\/albert.radom.pl\/wp-content\/uploads\/2025\/09\/komunia-1536x805.jpg",1536,805,true],"2048x2048":["https:\/\/albert.radom.pl\/wp-content\/uploads\/2025\/09\/komunia-2048x1073.jpg",2048,1073,true],"newsever-slider-full":["https:\/\/albert.radom.pl\/wp-content\/uploads\/2025\/09\/komunia-1280x845.jpg",1280,845,true],"newsever-featured":["https:\/\/albert.radom.pl\/wp-content\/uploads\/2025\/09\/komunia-1024x536.jpg",1024,536,true],"newsever-medium":["https:\/\/albert.radom.pl\/wp-content\/uploads\/2025\/09\/komunia-720x475.jpg",720,475,true]},"author_info":{"display_name":"xdar","author_link":"https:\/\/albert.radom.pl\/?author=1"},"category_info":"<a href=\"https:\/\/albert.radom.pl\/?cat=19\" rel=\"category\">Aktualno\u015bci<\/a> <a href=\"https:\/\/albert.radom.pl\/?cat=28\" rel=\"category\">Eucharystia - I Komunia \u015bw.<\/a>","tag_info":"Eucharystia - I Komunia \u015bw.","comment_count":"0","_links":{"self":[{"href":"https:\/\/albert.radom.pl\/index.php?rest_route=\/wp\/v2\/posts\/7852","targetHints":{"allow":["GET"]}}],"collection":[{"href":"https:\/\/albert.radom.pl\/index.php?rest_route=\/wp\/v2\/posts"}],"about":[{"href":"https:\/\/albert.radom.pl\/index.php?rest_route=\/wp\/v2\/types\/post"}],"author":[{"embeddable":true,"href":"https:\/\/albert.radom.pl\/index.php?rest_route=\/wp\/v2\/users\/1"}],"replies":[{"embeddable":true,"href":"https:\/\/albert.radom.pl\/index.php?rest_route=%2Fwp%2Fv2%2Fcomments&post=7852"}],"version-history":[{"count":2,"href":"https:\/\/albert.radom.pl\/index.php?rest_route=\/wp\/v2\/posts\/7852\/revisions"}],"predecessor-version":[{"id":7882,"href":"https:\/\/albert.radom.pl\/index.php?rest_route=\/wp\/v2\/posts\/7852\/revisions\/7882"}],"wp:featuredmedia":[{"embeddable":true,"href":"https:\/\/albert.radom.pl\/index.php?rest_route=\/wp\/v2\/media\/7854"}],"wp:attachment":[{"href":"https:\/\/albert.radom.pl\/index.php?rest_route=%2Fwp%2Fv2%2Fmedia&parent=7852"}],"wp:term":[{"taxonomy":"category","embeddable":true,"href":"https:\/\/albert.radom.pl\/index.php?rest_route=%2Fwp%2Fv2%2Fcategories&post=7852"},{"taxonomy":"post_tag","embeddable":true,"href":"https:\/\/albert.radom.pl\/index.php?rest_route=%2Fwp%2Fv2%2Ftags&post=7852"}],"curies":[{"name":"wp","href":"https:\/\/api.w.org\/{rel}","templated":true}]}}