{"id":8036,"date":"2025-10-12T23:51:14","date_gmt":"2025-10-12T21:51:14","guid":{"rendered":"https:\/\/albert.radom.pl\/?p=8036"},"modified":"2025-10-14T11:54:02","modified_gmt":"2025-10-14T09:54:02","slug":"poswiecenie-rozancow-dzieciom-komunijnym","status":"publish","type":"post","link":"https:\/\/albert.radom.pl\/?p=8036","title":{"rendered":"Po\u015bwi\u0119cenie r\u00f3\u017ca\u0144c\u00f3w dzieciom komunijnym"},"content":{"rendered":"<p>W niedziel\u0119 grupa dzieci przygotowuj\u0105cych si\u0119 do I Komunii \u015awi\u0119tej otrzyma\u0142a z r\u0105k Ks. Proboszcza po\u015bwi\u0119cone r\u00f3\u017ca\u0144ce.<!--more-->M\u00f3dlmy si\u0119 za te dzieci i ich rodzic\u00f3w, aby to przygotowanie by\u0142o owocne i przyczyni\u0142o si\u0119 do bli\u017cszej przyja\u017ani z Panem Jezusem i Matk\u0105 Bo\u017c\u0105.<\/p>\n<div id='gallery-1' class='gallery galleryid-8036 gallery-columns-6 gallery-size-thumbnail'><figure class='gallery-item'>\n\t\t\t<div class='gallery-icon landscape'>\n\t\t\t\t<a href='https:\/\/albert.radom.pl\/wp-content\/uploads\/2025\/10\/PHOTO-2025-10-12-13-20-56.jpg'><img loading=\"lazy\" decoding=\"async\" width=\"150\" height=\"150\" src=\"https:\/\/albert.radom.pl\/wp-content\/uploads\/2025\/10\/PHOTO-2025-10-12-13-20-56-150x150.jpg\" class=\"attachment-thumbnail size-thumbnail\" alt=\"\" \/><\/a>\n\t\t\t<\/div><\/figure><figure class='gallery-item'>\n\t\t\t<div class='gallery-icon landscape'>\n\t\t\t\t<a href='https:\/\/albert.radom.pl\/wp-content\/uploads\/2025\/10\/PHOTO-2025-10-12-13-20-56-2.jpg'><img loading=\"lazy\" decoding=\"async\" width=\"150\" height=\"150\" src=\"https:\/\/albert.radom.pl\/wp-content\/uploads\/2025\/10\/PHOTO-2025-10-12-13-20-56-2-150x150.jpg\" class=\"attachment-thumbnail size-thumbnail\" alt=\"\" \/><\/a>\n\t\t\t<\/div><\/figure><figure class='gallery-item'>\n\t\t\t<div class='gallery-icon landscape'>\n\t\t\t\t<a href='https:\/\/albert.radom.pl\/wp-content\/uploads\/2025\/10\/PHOTO-2025-10-12-13-20-56-3.jpg'><img loading=\"lazy\" decoding=\"async\" width=\"150\" height=\"150\" src=\"https:\/\/albert.radom.pl\/wp-content\/uploads\/2025\/10\/PHOTO-2025-10-12-13-20-56-3-150x150.jpg\" class=\"attachment-thumbnail size-thumbnail\" alt=\"\" \/><\/a>\n\t\t\t<\/div><\/figure><figure class='gallery-item'>\n\t\t\t<div class='gallery-icon landscape'>\n\t\t\t\t<a href='https:\/\/albert.radom.pl\/wp-content\/uploads\/2025\/10\/PHOTO-2025-10-12-13-20-56-4.jpg'><img loading=\"lazy\" decoding=\"async\" width=\"150\" height=\"150\" src=\"https:\/\/albert.radom.pl\/wp-content\/uploads\/2025\/10\/PHOTO-2025-10-12-13-20-56-4-150x150.jpg\" class=\"attachment-thumbnail size-thumbnail\" alt=\"\" \/><\/a>\n\t\t\t<\/div><\/figure><figure class='gallery-item'>\n\t\t\t<div class='gallery-icon landscape'>\n\t\t\t\t<a href='https:\/\/albert.radom.pl\/wp-content\/uploads\/2025\/10\/PHOTO-2025-10-12-13-20-57-2.jpg'><img loading=\"lazy\" decoding=\"async\" width=\"150\" height=\"150\" src=\"https:\/\/albert.radom.pl\/wp-content\/uploads\/2025\/10\/PHOTO-2025-10-12-13-20-57-2-150x150.jpg\" class=\"attachment-thumbnail size-thumbnail\" alt=\"\" \/><\/a>\n\t\t\t<\/div><\/figure><figure class='gallery-item'>\n\t\t\t<div class='gallery-icon landscape'>\n\t\t\t\t<a href='https:\/\/albert.radom.pl\/wp-content\/uploads\/2025\/10\/PHOTO-2025-10-12-13-20-57.jpg'><img loading=\"lazy\" decoding=\"async\" width=\"150\" height=\"150\" src=\"https:\/\/albert.radom.pl\/wp-content\/uploads\/2025\/10\/PHOTO-2025-10-12-13-20-57-150x150.jpg\" class=\"attachment-thumbnail size-thumbnail\" alt=\"\" \/><\/a>\n\t\t\t<\/div><\/figure>\n\t\t<\/div>\n\n","protected":false},"excerpt":{"rendered":"<p>W niedziel\u0119 grupa dzieci przygotowuj\u0105cych si\u0119 do I Komunii \u015awi\u0119tej otrzyma\u0142a z r\u0105k Ks. Proboszcza&#8230;<\/p>\n","protected":false},"author":1,"featured_media":8040,"comment_status":"closed","ping_status":"closed","sticky":false,"template":"","format":"standard","meta":{"footnotes":""},"categories":[19],"tags":[],"class_list":["post-8036","post","type-post","status-publish","format-standard","has-post-thumbnail","hentry","category-aktualnosci"],"featured_image_urls":{"full":["https:\/\/albert.radom.pl\/wp-content\/uploads\/2025\/10\/PHOTO-2025-10-12-13-20-56.jpg",1200,900,false],"thumbnail":["https:\/\/albert.radom.pl\/wp-content\/uploads\/2025\/10\/PHOTO-2025-10-12-13-20-56-150x150.jpg",150,150,true],"medium":["https:\/\/albert.radom.pl\/wp-content\/uploads\/2025\/10\/PHOTO-2025-10-12-13-20-56-300x225.jpg",300,225,true],"medium_large":["https:\/\/albert.radom.pl\/wp-content\/uploads\/2025\/10\/PHOTO-2025-10-12-13-20-56-768x576.jpg",640,480,true],"large":["https:\/\/albert.radom.pl\/wp-content\/uploads\/2025\/10\/PHOTO-2025-10-12-13-20-56-1024x768.jpg",640,480,true],"1536x1536":["https:\/\/albert.radom.pl\/wp-content\/uploads\/2025\/10\/PHOTO-2025-10-12-13-20-56.jpg",1200,900,false],"2048x2048":["https:\/\/albert.radom.pl\/wp-content\/uploads\/2025\/10\/PHOTO-2025-10-12-13-20-56.jpg",1200,900,false],"newsever-slider-full":["https:\/\/albert.radom.pl\/wp-content\/uploads\/2025\/10\/PHOTO-2025-10-12-13-20-56-1200x845.jpg",1200,845,true],"newsever-featured":["https:\/\/albert.radom.pl\/wp-content\/uploads\/2025\/10\/PHOTO-2025-10-12-13-20-56-1024x768.jpg",1024,768,true],"newsever-medium":["https:\/\/albert.radom.pl\/wp-content\/uploads\/2025\/10\/PHOTO-2025-10-12-13-20-56-720x475.jpg",720,475,true]},"author_info":{"display_name":"xdar","author_link":"https:\/\/albert.radom.pl\/?author=1"},"category_info":"<a href=\"https:\/\/albert.radom.pl\/?cat=19\" rel=\"category\">Aktualno\u015bci<\/a>","tag_info":"Aktualno\u015bci","comment_count":"0","_links":{"self":[{"href":"https:\/\/albert.radom.pl\/index.php?rest_route=\/wp\/v2\/posts\/8036","targetHints":{"allow":["GET"]}}],"collection":[{"href":"https:\/\/albert.radom.pl\/index.php?rest_route=\/wp\/v2\/posts"}],"about":[{"href":"https:\/\/albert.radom.pl\/index.php?rest_route=\/wp\/v2\/types\/post"}],"author":[{"embeddable":true,"href":"https:\/\/albert.radom.pl\/index.php?rest_route=\/wp\/v2\/users\/1"}],"replies":[{"embeddable":true,"href":"https:\/\/albert.radom.pl\/index.php?rest_route=%2Fwp%2Fv2%2Fcomments&post=8036"}],"version-history":[{"count":1,"href":"https:\/\/albert.radom.pl\/index.php?rest_route=\/wp\/v2\/posts\/8036\/revisions"}],"predecessor-version":[{"id":8043,"href":"https:\/\/albert.radom.pl\/index.php?rest_route=\/wp\/v2\/posts\/8036\/revisions\/8043"}],"wp:featuredmedia":[{"embeddable":true,"href":"https:\/\/albert.radom.pl\/index.php?rest_route=\/wp\/v2\/media\/8040"}],"wp:attachment":[{"href":"https:\/\/albert.radom.pl\/index.php?rest_route=%2Fwp%2Fv2%2Fmedia&parent=8036"}],"wp:term":[{"taxonomy":"category","embeddable":true,"href":"https:\/\/albert.radom.pl\/index.php?rest_route=%2Fwp%2Fv2%2Fcategories&post=8036"},{"taxonomy":"post_tag","embeddable":true,"href":"https:\/\/albert.radom.pl\/index.php?rest_route=%2Fwp%2Fv2%2Ftags&post=8036"}],"curies":[{"name":"wp","href":"https:\/\/api.w.org\/{rel}","templated":true}]}}