{"id":8044,"date":"2025-10-13T22:54:06","date_gmt":"2025-10-13T20:54:06","guid":{"rendered":"https:\/\/albert.radom.pl\/?p=8044"},"modified":"2025-10-14T11:56:31","modified_gmt":"2025-10-14T09:56:31","slug":"krag-rejonowy-domowego-kosciola","status":"publish","type":"post","link":"https:\/\/albert.radom.pl\/?p=8044","title":{"rendered":"Kr\u0105g Rejonowy Domowego Ko\u015bcio\u0142a"},"content":{"rendered":"<p>W naszej parafii odbywa\u0142 si\u0119 dzisiaj Kr\u0105g Rejonowy Domowego Ko\u015bcio\u0142a.<!--more--><\/p>\n<p>Spotkanie prowadz\u0105 nasi parafianie, kt\u00f3rzy s\u0105 par\u0105 rejonow\u0105: Katarzyna i Arkadiusz Orzechowscy.<\/p>\n<p>S\u0142ugo Bo\u017cy Ksi\u0119\u017ce Franciszku Blachnicki &#8211; wstawiaj si\u0119 za nami!<\/p>\n<p style=\"text-align: right;\">Domowy Ko\u015bci\u00f3\u0142 Diecezji Radomskiej<\/p>\n<div id='gallery-1' class='gallery galleryid-8044 gallery-columns-3 gallery-size-thumbnail'><figure class='gallery-item'>\n\t\t\t<div class='gallery-icon portrait'>\n\t\t\t\t<a href='https:\/\/albert.radom.pl\/wp-content\/uploads\/2025\/10\/PHOTO-2025-10-13-21-18-06-2.jpg'><img loading=\"lazy\" decoding=\"async\" width=\"150\" height=\"150\" src=\"https:\/\/albert.radom.pl\/wp-content\/uploads\/2025\/10\/PHOTO-2025-10-13-21-18-06-2-150x150.jpg\" class=\"attachment-thumbnail size-thumbnail\" alt=\"\" \/><\/a>\n\t\t\t<\/div><\/figure><figure class='gallery-item'>\n\t\t\t<div class='gallery-icon portrait'>\n\t\t\t\t<a href='https:\/\/albert.radom.pl\/wp-content\/uploads\/2025\/10\/PHOTO-2025-10-13-21-18-06-3.jpg'><img loading=\"lazy\" decoding=\"async\" width=\"150\" height=\"150\" src=\"https:\/\/albert.radom.pl\/wp-content\/uploads\/2025\/10\/PHOTO-2025-10-13-21-18-06-3-150x150.jpg\" class=\"attachment-thumbnail size-thumbnail\" alt=\"\" \/><\/a>\n\t\t\t<\/div><\/figure><figure class='gallery-item'>\n\t\t\t<div class='gallery-icon portrait'>\n\t\t\t\t<a href='https:\/\/albert.radom.pl\/wp-content\/uploads\/2025\/10\/PHOTO-2025-10-13-21-18-06.jpg'><img loading=\"lazy\" decoding=\"async\" width=\"150\" height=\"150\" src=\"https:\/\/albert.radom.pl\/wp-content\/uploads\/2025\/10\/PHOTO-2025-10-13-21-18-06-150x150.jpg\" class=\"attachment-thumbnail size-thumbnail\" alt=\"\" \/><\/a>\n\t\t\t<\/div><\/figure>\n\t\t<\/div>\n\n","protected":false},"excerpt":{"rendered":"<p>W naszej parafii odbywa\u0142 si\u0119 dzisiaj Kr\u0105g Rejonowy Domowego Ko\u015bcio\u0142a.<\/p>\n","protected":false},"author":1,"featured_media":8045,"comment_status":"closed","ping_status":"closed","sticky":false,"template":"","format":"standard","meta":{"footnotes":""},"categories":[19],"tags":[],"class_list":["post-8044","post","type-post","status-publish","format-standard","has-post-thumbnail","hentry","category-aktualnosci"],"featured_image_urls":{"full":["https:\/\/albert.radom.pl\/wp-content\/uploads\/2025\/10\/PHOTO-2025-10-13-21-18-06-2.jpg",900,1200,false],"thumbnail":["https:\/\/albert.radom.pl\/wp-content\/uploads\/2025\/10\/PHOTO-2025-10-13-21-18-06-2-150x150.jpg",150,150,true],"medium":["https:\/\/albert.radom.pl\/wp-content\/uploads\/2025\/10\/PHOTO-2025-10-13-21-18-06-2-225x300.jpg",225,300,true],"medium_large":["https:\/\/albert.radom.pl\/wp-content\/uploads\/2025\/10\/PHOTO-2025-10-13-21-18-06-2-768x1024.jpg",640,853,true],"large":["https:\/\/albert.radom.pl\/wp-content\/uploads\/2025\/10\/PHOTO-2025-10-13-21-18-06-2-768x1024.jpg",640,853,true],"1536x1536":["https:\/\/albert.radom.pl\/wp-content\/uploads\/2025\/10\/PHOTO-2025-10-13-21-18-06-2.jpg",900,1200,false],"2048x2048":["https:\/\/albert.radom.pl\/wp-content\/uploads\/2025\/10\/PHOTO-2025-10-13-21-18-06-2.jpg",900,1200,false],"newsever-slider-full":["https:\/\/albert.radom.pl\/wp-content\/uploads\/2025\/10\/PHOTO-2025-10-13-21-18-06-2-900x845.jpg",900,845,true],"newsever-featured":["https:\/\/albert.radom.pl\/wp-content\/uploads\/2025\/10\/PHOTO-2025-10-13-21-18-06-2.jpg",900,1200,false],"newsever-medium":["https:\/\/albert.radom.pl\/wp-content\/uploads\/2025\/10\/PHOTO-2025-10-13-21-18-06-2-720x475.jpg",720,475,true]},"author_info":{"display_name":"xdar","author_link":"https:\/\/albert.radom.pl\/?author=1"},"category_info":"<a href=\"https:\/\/albert.radom.pl\/?cat=19\" rel=\"category\">Aktualno\u015bci<\/a>","tag_info":"Aktualno\u015bci","comment_count":"0","_links":{"self":[{"href":"https:\/\/albert.radom.pl\/index.php?rest_route=\/wp\/v2\/posts\/8044","targetHints":{"allow":["GET"]}}],"collection":[{"href":"https:\/\/albert.radom.pl\/index.php?rest_route=\/wp\/v2\/posts"}],"about":[{"href":"https:\/\/albert.radom.pl\/index.php?rest_route=\/wp\/v2\/types\/post"}],"author":[{"embeddable":true,"href":"https:\/\/albert.radom.pl\/index.php?rest_route=\/wp\/v2\/users\/1"}],"replies":[{"embeddable":true,"href":"https:\/\/albert.radom.pl\/index.php?rest_route=%2Fwp%2Fv2%2Fcomments&post=8044"}],"version-history":[{"count":1,"href":"https:\/\/albert.radom.pl\/index.php?rest_route=\/wp\/v2\/posts\/8044\/revisions"}],"predecessor-version":[{"id":8048,"href":"https:\/\/albert.radom.pl\/index.php?rest_route=\/wp\/v2\/posts\/8044\/revisions\/8048"}],"wp:featuredmedia":[{"embeddable":true,"href":"https:\/\/albert.radom.pl\/index.php?rest_route=\/wp\/v2\/media\/8045"}],"wp:attachment":[{"href":"https:\/\/albert.radom.pl\/index.php?rest_route=%2Fwp%2Fv2%2Fmedia&parent=8044"}],"wp:term":[{"taxonomy":"category","embeddable":true,"href":"https:\/\/albert.radom.pl\/index.php?rest_route=%2Fwp%2Fv2%2Fcategories&post=8044"},{"taxonomy":"post_tag","embeddable":true,"href":"https:\/\/albert.radom.pl\/index.php?rest_route=%2Fwp%2Fv2%2Ftags&post=8044"}],"curies":[{"name":"wp","href":"https:\/\/api.w.org\/{rel}","templated":true}]}}