{"id":8052,"date":"2025-10-22T14:35:01","date_gmt":"2025-10-22T12:35:01","guid":{"rendered":"https:\/\/albert.radom.pl\/?p=8052"},"modified":"2025-10-22T14:36:46","modified_gmt":"2025-10-22T12:36:46","slug":"moc-wspolnoty-w-dzialaniu-wieczor-filmowy-dla-dzieci","status":"publish","type":"post","link":"https:\/\/albert.radom.pl\/?p=8052","title":{"rendered":"Moc wsp\u00f3lnoty w dzia\u0142aniu! Wiecz\u00f3r filmowy dla dzieci"},"content":{"rendered":"<p>Dzi\u015b nasza parafia wype\u0142ni\u0142a si\u0119 \u015bmiechem, rado\u015bci\u0105 i energi\u0105 najm\u0142odszych! <!--more-->\ud83d\udc67\ud83e\uddd2<br \/>\nTyle dzieci, tyle u\u015bmiech\u00f3w, tyle dobra w jednym miejscu \u2014 to w\u0142a\u015bnie prawdziwa moc wsp\u00f3lnoty. \ud83d\udc9b<\/p>\n<p>Podczas dzisiejszej Integracji czeka\u0142 na wszystkich seans bajek, pyszne przek\u0105ski i mn\u00f3stwo radosnych chwil. \ud83c\udf7f\ud83c\udf88<br \/>\nA nad wszystkim czuwali nasi animatorzy, kt\u00f3rzy z sercem i u\u015bmiechem wprowadzali dzieci w \u015bwiat zabawy i wsp\u00f3lnoty. \ud83d\udcab<\/p>\n<p>W tej prostej rado\u015bci wsp\u00f3lnego bycia razem by\u0142o co\u015b wi\u0119cej \u2014 obecno\u015b\u0107 Boga, kt\u00f3ry \u0142\u0105czy nas w jedno. To On daje nam si\u0142\u0119, by tworzy\u0107 wsp\u00f3lnot\u0119 pe\u0142n\u0105 mi\u0142o\u015bci, \u017cyczliwo\u015bci i pokoju. \ud83c\udf3f<\/p>\n<p>Dzisiejszy dzie\u0144 pokaza\u0142, \u017ce kiedy spotykamy si\u0119 w Jego imi\u0119, dziej\u0105 si\u0119 rzeczy naprawd\u0119 pi\u0119kne. Bo wsp\u00f3lnota to dar, kt\u00f3ry nape\u0142nia serce wdzi\u0119czno\u015bci\u0105 i pokojem. \ud83d\udd4a\ufe0f<\/p>\n<div id='gallery-1' class='gallery galleryid-8052 gallery-columns-3 gallery-size-thumbnail'><figure class='gallery-item'>\n\t\t\t<div class='gallery-icon portrait'>\n\t\t\t\t<a href='https:\/\/albert.radom.pl\/wp-content\/uploads\/2025\/10\/1000199923.jpg'><img loading=\"lazy\" decoding=\"async\" width=\"150\" height=\"150\" src=\"https:\/\/albert.radom.pl\/wp-content\/uploads\/2025\/10\/1000199923-150x150.jpg\" class=\"attachment-thumbnail size-thumbnail\" alt=\"\" \/><\/a>\n\t\t\t<\/div><\/figure><figure class='gallery-item'>\n\t\t\t<div class='gallery-icon portrait'>\n\t\t\t\t<a href='https:\/\/albert.radom.pl\/wp-content\/uploads\/2025\/10\/1000199924.jpg'><img loading=\"lazy\" decoding=\"async\" width=\"150\" height=\"150\" src=\"https:\/\/albert.radom.pl\/wp-content\/uploads\/2025\/10\/1000199924-150x150.jpg\" class=\"attachment-thumbnail size-thumbnail\" alt=\"\" \/><\/a>\n\t\t\t<\/div><\/figure><figure class='gallery-item'>\n\t\t\t<div class='gallery-icon landscape'>\n\t\t\t\t<a href='https:\/\/albert.radom.pl\/wp-content\/uploads\/2025\/10\/1000199925.jpg'><img loading=\"lazy\" decoding=\"async\" width=\"150\" height=\"150\" src=\"https:\/\/albert.radom.pl\/wp-content\/uploads\/2025\/10\/1000199925-150x150.jpg\" class=\"attachment-thumbnail size-thumbnail\" alt=\"\" \/><\/a>\n\t\t\t<\/div><\/figure>\n\t\t<\/div>\n\n","protected":false},"excerpt":{"rendered":"<p>Dzi\u015b nasza parafia wype\u0142ni\u0142a si\u0119 \u015bmiechem, rado\u015bci\u0105 i energi\u0105 najm\u0142odszych!<\/p>\n","protected":false},"author":1,"featured_media":8055,"comment_status":"closed","ping_status":"closed","sticky":false,"template":"","format":"standard","meta":{"footnotes":""},"categories":[19],"tags":[],"class_list":["post-8052","post","type-post","status-publish","format-standard","has-post-thumbnail","hentry","category-aktualnosci"],"featured_image_urls":{"full":["https:\/\/albert.radom.pl\/wp-content\/uploads\/2025\/10\/1000199925.jpg",1200,900,false],"thumbnail":["https:\/\/albert.radom.pl\/wp-content\/uploads\/2025\/10\/1000199925-150x150.jpg",150,150,true],"medium":["https:\/\/albert.radom.pl\/wp-content\/uploads\/2025\/10\/1000199925-300x225.jpg",300,225,true],"medium_large":["https:\/\/albert.radom.pl\/wp-content\/uploads\/2025\/10\/1000199925-768x576.jpg",640,480,true],"large":["https:\/\/albert.radom.pl\/wp-content\/uploads\/2025\/10\/1000199925-1024x768.jpg",640,480,true],"1536x1536":["https:\/\/albert.radom.pl\/wp-content\/uploads\/2025\/10\/1000199925.jpg",1200,900,false],"2048x2048":["https:\/\/albert.radom.pl\/wp-content\/uploads\/2025\/10\/1000199925.jpg",1200,900,false],"newsever-slider-full":["https:\/\/albert.radom.pl\/wp-content\/uploads\/2025\/10\/1000199925-1200x845.jpg",1200,845,true],"newsever-featured":["https:\/\/albert.radom.pl\/wp-content\/uploads\/2025\/10\/1000199925-1024x768.jpg",1024,768,true],"newsever-medium":["https:\/\/albert.radom.pl\/wp-content\/uploads\/2025\/10\/1000199925-720x475.jpg",720,475,true]},"author_info":{"display_name":"xdar","author_link":"https:\/\/albert.radom.pl\/?author=1"},"category_info":"<a href=\"https:\/\/albert.radom.pl\/?cat=19\" rel=\"category\">Aktualno\u015bci<\/a>","tag_info":"Aktualno\u015bci","comment_count":"0","_links":{"self":[{"href":"https:\/\/albert.radom.pl\/index.php?rest_route=\/wp\/v2\/posts\/8052","targetHints":{"allow":["GET"]}}],"collection":[{"href":"https:\/\/albert.radom.pl\/index.php?rest_route=\/wp\/v2\/posts"}],"about":[{"href":"https:\/\/albert.radom.pl\/index.php?rest_route=\/wp\/v2\/types\/post"}],"author":[{"embeddable":true,"href":"https:\/\/albert.radom.pl\/index.php?rest_route=\/wp\/v2\/users\/1"}],"replies":[{"embeddable":true,"href":"https:\/\/albert.radom.pl\/index.php?rest_route=%2Fwp%2Fv2%2Fcomments&post=8052"}],"version-history":[{"count":2,"href":"https:\/\/albert.radom.pl\/index.php?rest_route=\/wp\/v2\/posts\/8052\/revisions"}],"predecessor-version":[{"id":8057,"href":"https:\/\/albert.radom.pl\/index.php?rest_route=\/wp\/v2\/posts\/8052\/revisions\/8057"}],"wp:featuredmedia":[{"embeddable":true,"href":"https:\/\/albert.radom.pl\/index.php?rest_route=\/wp\/v2\/media\/8055"}],"wp:attachment":[{"href":"https:\/\/albert.radom.pl\/index.php?rest_route=%2Fwp%2Fv2%2Fmedia&parent=8052"}],"wp:term":[{"taxonomy":"category","embeddable":true,"href":"https:\/\/albert.radom.pl\/index.php?rest_route=%2Fwp%2Fv2%2Fcategories&post=8052"},{"taxonomy":"post_tag","embeddable":true,"href":"https:\/\/albert.radom.pl\/index.php?rest_route=%2Fwp%2Fv2%2Ftags&post=8052"}],"curies":[{"name":"wp","href":"https:\/\/api.w.org\/{rel}","templated":true}]}}