{"id":8060,"date":"2025-10-27T13:18:36","date_gmt":"2025-10-27T12:18:36","guid":{"rendered":"https:\/\/albert.radom.pl\/?p=8060"},"modified":"2025-10-27T13:18:36","modified_gmt":"2025-10-27T12:18:36","slug":"zyczenia-dla-ks-karola","status":"publish","type":"post","link":"https:\/\/albert.radom.pl\/?p=8060","title":{"rendered":"\u017byczenia dla ks. Karola"},"content":{"rendered":"<p>Podczas Niedzielnej Mszy \u015bw. o godz 11 modlili\u015bmy si\u0119 w intencji ks. Karola Kosteckiego z okazji jego 35. urodzin i imienin.<!--more--><\/p>\n<p>By\u0142y \u017cyczenia, u\u015bmiechy i prezenty od grup parafialnych<br \/>\nJeszcze raz sk\u0142adamy Ci, ksi\u0119\u017ce Karolu, najserdeczniejsze \u017cyczenia. \u017byczymy obfito\u015bci \u0142ask Bo\u017cych, du\u017co zdrowia i si\u0142, aby ka\u017cdy dzie\u0144 pos\u0142ugi w naszej parafii przynosi\u0142 du\u017co satysfakcji i rado\u015bci, ca\u0142e Twe \u017cycie by\u0142o wype\u0142nione mi\u0142o\u015bci\u0105, a Chrystus umacnia\u0142 Ci\u0119 w ka\u017cdym kroku Twojego kap\u0142a\u0144skiego \u017cycia!<\/p>\n<blockquote>\n<p style=\"text-align: center;\"><strong>Z okazji 35 rocznicy urodzin i nadchodz\u0105cych imienin, w imieniu swoim, kap\u0142an\u00f3w pos\u0142uguj\u0105cych w naszej parafii, pracownik\u00f3w pos\u0142uguj\u0105cych w naszej wsp\u00f3lnocie, wszystkich parafian i Go\u015bci \u017cyczymy Ksi\u0119dzu Karolowi obfito\u015bci \u0142ask Bo\u017cych, zdrowia, i si\u0142 w wype\u0142nianiu swego powo\u0142ania kap\u0142a\u0144skiego na tak wielu odcinkach pracy duszpasterskiej w naszej parafii, z dzie\u0107mi, m\u0142odzie\u017c\u0105 i doros\u0142ymi.<\/strong><\/p>\n<p style=\"text-align: center;\"><strong>Niech \u015aw. Karol Boromeusz or\u0119duje u Boga, a ka\u017cdy dzie\u0144 pos\u0142ugi w naszej parafii niech przynosi Ksi\u0119dzu wiele satysfakcji, szcz\u0119\u015bcia i rado\u015bci.<\/strong><\/p>\n<p style=\"text-align: center;\"><strong>Ks. Proboszcz<\/strong><br \/>\n<strong>Ks. Dominik<\/strong><br \/>\n<strong>Ks. Dariusz<\/strong><\/p>\n<\/blockquote>\n<div id='gallery-1' class='gallery galleryid-8060 gallery-columns-6 gallery-size-thumbnail'><figure class='gallery-item'>\n\t\t\t<div class='gallery-icon portrait'>\n\t\t\t\t<a href='https:\/\/albert.radom.pl\/wp-content\/uploads\/2025\/10\/571179287_1123875896583609_3854342019092055450_n.jpg'><img loading=\"lazy\" decoding=\"async\" width=\"150\" height=\"150\" src=\"https:\/\/albert.radom.pl\/wp-content\/uploads\/2025\/10\/571179287_1123875896583609_3854342019092055450_n-150x150.jpg\" class=\"attachment-thumbnail size-thumbnail\" alt=\"\" \/><\/a>\n\t\t\t<\/div><\/figure><figure class='gallery-item'>\n\t\t\t<div class='gallery-icon portrait'>\n\t\t\t\t<a href='https:\/\/albert.radom.pl\/wp-content\/uploads\/2025\/10\/571208819_1123876059916926_5584032820805949990_n.jpg'><img loading=\"lazy\" decoding=\"async\" width=\"150\" height=\"150\" src=\"https:\/\/albert.radom.pl\/wp-content\/uploads\/2025\/10\/571208819_1123876059916926_5584032820805949990_n-150x150.jpg\" class=\"attachment-thumbnail size-thumbnail\" alt=\"\" \/><\/a>\n\t\t\t<\/div><\/figure><figure class='gallery-item'>\n\t\t\t<div class='gallery-icon portrait'>\n\t\t\t\t<a href='https:\/\/albert.radom.pl\/wp-content\/uploads\/2025\/10\/571219177_1123876043250261_6367864030481986282_n.jpg'><img loading=\"lazy\" decoding=\"async\" width=\"150\" height=\"150\" src=\"https:\/\/albert.radom.pl\/wp-content\/uploads\/2025\/10\/571219177_1123876043250261_6367864030481986282_n-150x150.jpg\" class=\"attachment-thumbnail size-thumbnail\" alt=\"\" \/><\/a>\n\t\t\t<\/div><\/figure><figure class='gallery-item'>\n\t\t\t<div class='gallery-icon landscape'>\n\t\t\t\t<a href='https:\/\/albert.radom.pl\/wp-content\/uploads\/2025\/10\/571410293_1123876036583595_948245249585139760_n.jpg'><img loading=\"lazy\" decoding=\"async\" width=\"150\" height=\"150\" src=\"https:\/\/albert.radom.pl\/wp-content\/uploads\/2025\/10\/571410293_1123876036583595_948245249585139760_n-150x150.jpg\" class=\"attachment-thumbnail size-thumbnail\" alt=\"\" \/><\/a>\n\t\t\t<\/div><\/figure><figure class='gallery-item'>\n\t\t\t<div class='gallery-icon portrait'>\n\t\t\t\t<a href='https:\/\/albert.radom.pl\/wp-content\/uploads\/2025\/10\/571536955_1123876066583592_8226031308888805256_n.jpg'><img loading=\"lazy\" decoding=\"async\" width=\"150\" height=\"150\" src=\"https:\/\/albert.radom.pl\/wp-content\/uploads\/2025\/10\/571536955_1123876066583592_8226031308888805256_n-150x150.jpg\" class=\"attachment-thumbnail size-thumbnail\" alt=\"\" \/><\/a>\n\t\t\t<\/div><\/figure><figure class='gallery-item'>\n\t\t\t<div class='gallery-icon landscape'>\n\t\t\t\t<a href='https:\/\/albert.radom.pl\/wp-content\/uploads\/2025\/10\/570164031_1123875989916933_4917130015742384955_n.jpg'><img loading=\"lazy\" decoding=\"async\" width=\"150\" height=\"150\" src=\"https:\/\/albert.radom.pl\/wp-content\/uploads\/2025\/10\/570164031_1123875989916933_4917130015742384955_n-150x150.jpg\" class=\"attachment-thumbnail size-thumbnail\" alt=\"\" \/><\/a>\n\t\t\t<\/div><\/figure>\n\t\t<\/div>\n\n","protected":false},"excerpt":{"rendered":"<p>Podczas Niedzielnej Mszy \u015bw. o godz 11 modlili\u015bmy si\u0119 w intencji ks. Karola Kosteckiego z&#8230;<\/p>\n","protected":false},"author":1,"featured_media":8061,"comment_status":"closed","ping_status":"closed","sticky":false,"template":"","format":"standard","meta":{"footnotes":""},"categories":[19],"tags":[],"class_list":["post-8060","post","type-post","status-publish","format-standard","has-post-thumbnail","hentry","category-aktualnosci"],"featured_image_urls":{"full":["https:\/\/albert.radom.pl\/wp-content\/uploads\/2025\/10\/571179287_1123875896583609_3854342019092055450_n-small-e1761567592262.jpg",1195,1006,false],"thumbnail":["https:\/\/albert.radom.pl\/wp-content\/uploads\/2025\/10\/571179287_1123875896583609_3854342019092055450_n-small-e1761567592262-150x150.jpg",150,150,true],"medium":["https:\/\/albert.radom.pl\/wp-content\/uploads\/2025\/10\/571179287_1123875896583609_3854342019092055450_n-small-e1761567592262-300x253.jpg",300,253,true],"medium_large":["https:\/\/albert.radom.pl\/wp-content\/uploads\/2025\/10\/571179287_1123875896583609_3854342019092055450_n-small-e1761567592262-768x647.jpg",640,539,true],"large":["https:\/\/albert.radom.pl\/wp-content\/uploads\/2025\/10\/571179287_1123875896583609_3854342019092055450_n-small-e1761567592262-1024x862.jpg",640,539,true],"1536x1536":["https:\/\/albert.radom.pl\/wp-content\/uploads\/2025\/10\/571179287_1123875896583609_3854342019092055450_n-small-e1761567592262.jpg",1195,1006,false],"2048x2048":["https:\/\/albert.radom.pl\/wp-content\/uploads\/2025\/10\/571179287_1123875896583609_3854342019092055450_n-small-e1761567592262.jpg",1195,1006,false],"newsever-slider-full":["https:\/\/albert.radom.pl\/wp-content\/uploads\/2025\/10\/571179287_1123875896583609_3854342019092055450_n-small-e1761567592262-1195x845.jpg",1195,845,true],"newsever-featured":["https:\/\/albert.radom.pl\/wp-content\/uploads\/2025\/10\/571179287_1123875896583609_3854342019092055450_n-small-e1761567592262-1024x862.jpg",1024,862,true],"newsever-medium":["https:\/\/albert.radom.pl\/wp-content\/uploads\/2025\/10\/571179287_1123875896583609_3854342019092055450_n-small-e1761567592262-720x475.jpg",720,475,true]},"author_info":{"display_name":"xdar","author_link":"https:\/\/albert.radom.pl\/?author=1"},"category_info":"<a href=\"https:\/\/albert.radom.pl\/?cat=19\" rel=\"category\">Aktualno\u015bci<\/a>","tag_info":"Aktualno\u015bci","comment_count":"0","_links":{"self":[{"href":"https:\/\/albert.radom.pl\/index.php?rest_route=\/wp\/v2\/posts\/8060","targetHints":{"allow":["GET"]}}],"collection":[{"href":"https:\/\/albert.radom.pl\/index.php?rest_route=\/wp\/v2\/posts"}],"about":[{"href":"https:\/\/albert.radom.pl\/index.php?rest_route=\/wp\/v2\/types\/post"}],"author":[{"embeddable":true,"href":"https:\/\/albert.radom.pl\/index.php?rest_route=\/wp\/v2\/users\/1"}],"replies":[{"embeddable":true,"href":"https:\/\/albert.radom.pl\/index.php?rest_route=%2Fwp%2Fv2%2Fcomments&post=8060"}],"version-history":[{"count":1,"href":"https:\/\/albert.radom.pl\/index.php?rest_route=\/wp\/v2\/posts\/8060\/revisions"}],"predecessor-version":[{"id":8068,"href":"https:\/\/albert.radom.pl\/index.php?rest_route=\/wp\/v2\/posts\/8060\/revisions\/8068"}],"wp:featuredmedia":[{"embeddable":true,"href":"https:\/\/albert.radom.pl\/index.php?rest_route=\/wp\/v2\/media\/8061"}],"wp:attachment":[{"href":"https:\/\/albert.radom.pl\/index.php?rest_route=%2Fwp%2Fv2%2Fmedia&parent=8060"}],"wp:term":[{"taxonomy":"category","embeddable":true,"href":"https:\/\/albert.radom.pl\/index.php?rest_route=%2Fwp%2Fv2%2Fcategories&post=8060"},{"taxonomy":"post_tag","embeddable":true,"href":"https:\/\/albert.radom.pl\/index.php?rest_route=%2Fwp%2Fv2%2Ftags&post=8060"}],"curies":[{"name":"wp","href":"https:\/\/api.w.org\/{rel}","templated":true}]}}