{"id":8175,"date":"2025-11-30T19:27:37","date_gmt":"2025-11-30T18:27:37","guid":{"rendered":"https:\/\/albert.radom.pl\/?p=8175"},"modified":"2025-12-08T19:30:34","modified_gmt":"2025-12-08T18:30:34","slug":"przyjecie-nowych-ministrantow-2","status":"publish","type":"post","link":"https:\/\/albert.radom.pl\/?p=8175","title":{"rendered":"Przyj\u0119cie nowych ministrant\u00f3w"},"content":{"rendered":"<p>Pierwsza niedziela Adwentu przynios\u0142a naszej parafii szczeg\u00f3ln\u0105 rado\u015b\u0107. <!--more-->Podczas uroczystej Mszy \u015awi\u0119tej do wsp\u00f3lnoty ministranckiej \u015bw. Brata Alberta zostali przyj\u0119ci nowi ministranci Daniel, Piotr, Szymon i Nikodem, kt\u00f3rzy po czasie przygotowania i formacji wyrazili pragnienie s\u0142u\u017cenia Bogu przy o\u0142tarzu.<\/p>\n<p>Ceremonia rozpocz\u0119\u0142a si\u0119 od przedstawienia Ksi\u0119dzu Proboszczowi oraz zgromadzonym kandydat\u00f3w. Nast\u0119pnie, po b\u0142ogos\u0142awie\u0144stwie udzielonym przez ksi\u0119dza proboszcza, ch\u0142opcy po raz pierwszy za\u0142o\u017cyli str\u00f3j ministranta. Ten wyj\u0105tkowy moment by\u0142 nie tylko prze\u017cyciem dla nowych cz\u0142onk\u00f3w wsp\u00f3lnoty, ale r\u00f3wnie\u017c dla ich rodzin, kt\u00f3re towarzyszy\u0142y im w tym wa\u017cnym dniu.<\/p>\n<div id='gallery-1' class='gallery galleryid-8175 gallery-columns-5 gallery-size-thumbnail'><figure class='gallery-item'>\n\t\t\t<div class='gallery-icon landscape'>\n\t\t\t\t<a href='https:\/\/albert.radom.pl\/wp-content\/uploads\/2025\/12\/592902542_1151607157143816_2936204696225316303_n.jpg'><img loading=\"lazy\" decoding=\"async\" width=\"150\" height=\"150\" src=\"https:\/\/albert.radom.pl\/wp-content\/uploads\/2025\/12\/592902542_1151607157143816_2936204696225316303_n-150x150.jpg\" class=\"attachment-thumbnail size-thumbnail\" alt=\"\" \/><\/a>\n\t\t\t<\/div><\/figure><figure class='gallery-item'>\n\t\t\t<div class='gallery-icon portrait'>\n\t\t\t\t<a href='https:\/\/albert.radom.pl\/wp-content\/uploads\/2025\/12\/592631975_1151607193810479_1195370401880999228_n.jpg'><img loading=\"lazy\" decoding=\"async\" width=\"150\" height=\"150\" src=\"https:\/\/albert.radom.pl\/wp-content\/uploads\/2025\/12\/592631975_1151607193810479_1195370401880999228_n-150x150.jpg\" class=\"attachment-thumbnail size-thumbnail\" alt=\"\" \/><\/a>\n\t\t\t<\/div><\/figure><figure class='gallery-item'>\n\t\t\t<div class='gallery-icon portrait'>\n\t\t\t\t<a href='https:\/\/albert.radom.pl\/wp-content\/uploads\/2025\/12\/591739331_1151606680477197_8306985138747353619_n.jpg'><img loading=\"lazy\" decoding=\"async\" width=\"150\" height=\"150\" src=\"https:\/\/albert.radom.pl\/wp-content\/uploads\/2025\/12\/591739331_1151606680477197_8306985138747353619_n-150x150.jpg\" class=\"attachment-thumbnail size-thumbnail\" alt=\"\" \/><\/a>\n\t\t\t<\/div><\/figure><figure class='gallery-item'>\n\t\t\t<div class='gallery-icon portrait'>\n\t\t\t\t<a href='https:\/\/albert.radom.pl\/wp-content\/uploads\/2025\/12\/591214441_1151606953810503_4907792658886222182_n.jpg'><img loading=\"lazy\" decoding=\"async\" width=\"150\" height=\"150\" src=\"https:\/\/albert.radom.pl\/wp-content\/uploads\/2025\/12\/591214441_1151606953810503_4907792658886222182_n-150x150.jpg\" class=\"attachment-thumbnail size-thumbnail\" alt=\"\" \/><\/a>\n\t\t\t<\/div><\/figure><figure class='gallery-item'>\n\t\t\t<div class='gallery-icon landscape'>\n\t\t\t\t<a href='https:\/\/albert.radom.pl\/wp-content\/uploads\/2025\/12\/591363044_1151606853810513_6692181477978376001_n.jpg'><img loading=\"lazy\" decoding=\"async\" width=\"150\" height=\"150\" src=\"https:\/\/albert.radom.pl\/wp-content\/uploads\/2025\/12\/591363044_1151606853810513_6692181477978376001_n-150x150.jpg\" class=\"attachment-thumbnail size-thumbnail\" alt=\"\" \/><\/a>\n\t\t\t<\/div><\/figure><figure class='gallery-item'>\n\t\t\t<div class='gallery-icon landscape'>\n\t\t\t\t<a href='https:\/\/albert.radom.pl\/wp-content\/uploads\/2025\/12\/590958540_1151606963810502_5394278785877289391_n.jpg'><img loading=\"lazy\" decoding=\"async\" width=\"150\" height=\"150\" src=\"https:\/\/albert.radom.pl\/wp-content\/uploads\/2025\/12\/590958540_1151606963810502_5394278785877289391_n-150x150.jpg\" class=\"attachment-thumbnail size-thumbnail\" alt=\"\" \/><\/a>\n\t\t\t<\/div><\/figure><figure class='gallery-item'>\n\t\t\t<div class='gallery-icon portrait'>\n\t\t\t\t<a href='https:\/\/albert.radom.pl\/wp-content\/uploads\/2025\/12\/592388303_1151607267143805_8668458639215335338_n.jpg'><img loading=\"lazy\" decoding=\"async\" width=\"150\" height=\"150\" src=\"https:\/\/albert.radom.pl\/wp-content\/uploads\/2025\/12\/592388303_1151607267143805_8668458639215335338_n-150x150.jpg\" class=\"attachment-thumbnail size-thumbnail\" alt=\"\" \/><\/a>\n\t\t\t<\/div><\/figure><figure class='gallery-item'>\n\t\t\t<div class='gallery-icon portrait'>\n\t\t\t\t<a href='https:\/\/albert.radom.pl\/wp-content\/uploads\/2025\/12\/592880978_1151606753810523_1171129254017012614_n.jpg'><img loading=\"lazy\" decoding=\"async\" width=\"150\" height=\"150\" src=\"https:\/\/albert.radom.pl\/wp-content\/uploads\/2025\/12\/592880978_1151606753810523_1171129254017012614_n-150x150.jpg\" class=\"attachment-thumbnail size-thumbnail\" alt=\"\" \/><\/a>\n\t\t\t<\/div><\/figure><figure class='gallery-item'>\n\t\t\t<div class='gallery-icon portrait'>\n\t\t\t\t<a href='https:\/\/albert.radom.pl\/wp-content\/uploads\/2025\/12\/592466744_1151607007143831_8602510867226010436_n.jpg'><img loading=\"lazy\" decoding=\"async\" width=\"150\" height=\"150\" src=\"https:\/\/albert.radom.pl\/wp-content\/uploads\/2025\/12\/592466744_1151607007143831_8602510867226010436_n-150x150.jpg\" class=\"attachment-thumbnail size-thumbnail\" alt=\"\" \/><\/a>\n\t\t\t<\/div><\/figure><figure class='gallery-item'>\n\t\t\t<div class='gallery-icon landscape'>\n\t\t\t\t<a href='https:\/\/albert.radom.pl\/wp-content\/uploads\/2025\/12\/591477517_1151607283810470_4934792588683454787_n.jpg'><img loading=\"lazy\" decoding=\"async\" width=\"150\" height=\"150\" src=\"https:\/\/albert.radom.pl\/wp-content\/uploads\/2025\/12\/591477517_1151607283810470_4934792588683454787_n-150x150.jpg\" class=\"attachment-thumbnail size-thumbnail\" alt=\"\" \/><\/a>\n\t\t\t<\/div><\/figure>\n\t\t<\/div>\n\n","protected":false},"excerpt":{"rendered":"<p>Pierwsza niedziela Adwentu przynios\u0142a naszej parafii szczeg\u00f3ln\u0105 rado\u015b\u0107.<\/p>\n","protected":false},"author":1,"featured_media":8179,"comment_status":"closed","ping_status":"closed","sticky":false,"template":"","format":"standard","meta":{"footnotes":""},"categories":[19],"tags":[],"class_list":["post-8175","post","type-post","status-publish","format-standard","has-post-thumbnail","hentry","category-aktualnosci"],"featured_image_urls":{"full":["https:\/\/albert.radom.pl\/wp-content\/uploads\/2025\/12\/591477517_1151607283810470_4934792588683454787_n.jpg",2048,1366,false],"thumbnail":["https:\/\/albert.radom.pl\/wp-content\/uploads\/2025\/12\/591477517_1151607283810470_4934792588683454787_n-150x150.jpg",150,150,true],"medium":["https:\/\/albert.radom.pl\/wp-content\/uploads\/2025\/12\/591477517_1151607283810470_4934792588683454787_n-300x200.jpg",300,200,true],"medium_large":["https:\/\/albert.radom.pl\/wp-content\/uploads\/2025\/12\/591477517_1151607283810470_4934792588683454787_n-768x512.jpg",640,427,true],"large":["https:\/\/albert.radom.pl\/wp-content\/uploads\/2025\/12\/591477517_1151607283810470_4934792588683454787_n-1024x683.jpg",640,427,true],"1536x1536":["https:\/\/albert.radom.pl\/wp-content\/uploads\/2025\/12\/591477517_1151607283810470_4934792588683454787_n-1536x1025.jpg",1536,1025,true],"2048x2048":["https:\/\/albert.radom.pl\/wp-content\/uploads\/2025\/12\/591477517_1151607283810470_4934792588683454787_n.jpg",2048,1366,false],"newsever-slider-full":["https:\/\/albert.radom.pl\/wp-content\/uploads\/2025\/12\/591477517_1151607283810470_4934792588683454787_n-1280x845.jpg",1280,845,true],"newsever-featured":["https:\/\/albert.radom.pl\/wp-content\/uploads\/2025\/12\/591477517_1151607283810470_4934792588683454787_n-1024x683.jpg",1024,683,true],"newsever-medium":["https:\/\/albert.radom.pl\/wp-content\/uploads\/2025\/12\/591477517_1151607283810470_4934792588683454787_n-720x475.jpg",720,475,true]},"author_info":{"display_name":"xdar","author_link":"https:\/\/albert.radom.pl\/?author=1"},"category_info":"<a href=\"https:\/\/albert.radom.pl\/?cat=19\" rel=\"category\">Aktualno\u015bci<\/a>","tag_info":"Aktualno\u015bci","comment_count":"0","_links":{"self":[{"href":"https:\/\/albert.radom.pl\/index.php?rest_route=\/wp\/v2\/posts\/8175","targetHints":{"allow":["GET"]}}],"collection":[{"href":"https:\/\/albert.radom.pl\/index.php?rest_route=\/wp\/v2\/posts"}],"about":[{"href":"https:\/\/albert.radom.pl\/index.php?rest_route=\/wp\/v2\/types\/post"}],"author":[{"embeddable":true,"href":"https:\/\/albert.radom.pl\/index.php?rest_route=\/wp\/v2\/users\/1"}],"replies":[{"embeddable":true,"href":"https:\/\/albert.radom.pl\/index.php?rest_route=%2Fwp%2Fv2%2Fcomments&post=8175"}],"version-history":[{"count":1,"href":"https:\/\/albert.radom.pl\/index.php?rest_route=\/wp\/v2\/posts\/8175\/revisions"}],"predecessor-version":[{"id":8186,"href":"https:\/\/albert.radom.pl\/index.php?rest_route=\/wp\/v2\/posts\/8175\/revisions\/8186"}],"wp:featuredmedia":[{"embeddable":true,"href":"https:\/\/albert.radom.pl\/index.php?rest_route=\/wp\/v2\/media\/8179"}],"wp:attachment":[{"href":"https:\/\/albert.radom.pl\/index.php?rest_route=%2Fwp%2Fv2%2Fmedia&parent=8175"}],"wp:term":[{"taxonomy":"category","embeddable":true,"href":"https:\/\/albert.radom.pl\/index.php?rest_route=%2Fwp%2Fv2%2Fcategories&post=8175"},{"taxonomy":"post_tag","embeddable":true,"href":"https:\/\/albert.radom.pl\/index.php?rest_route=%2Fwp%2Fv2%2Ftags&post=8175"}],"curies":[{"name":"wp","href":"https:\/\/api.w.org\/{rel}","templated":true}]}}