{"id":824,"date":"2022-11-05T20:53:50","date_gmt":"2022-11-05T19:53:50","guid":{"rendered":"https:\/\/albert.radom.pl\/?p=824"},"modified":"2022-11-05T20:53:50","modified_gmt":"2022-11-05T19:53:50","slug":"notre-dame-plonie-projekcja-filmu-9-listopada-w-resursie-obywatelskiej","status":"publish","type":"post","link":"https:\/\/albert.radom.pl\/?p=824","title":{"rendered":"\u201eNotre Dame p\u0142onie\u201d &#8211; projekcja filmu 9 listopada w Resursie Obywatelskiej"},"content":{"rendered":"<div><strong>&#8222;Notre Dame p\u0142onie&#8221;\u00a0<\/strong>to najnowszy film Jean-Jacquesa Annaud \u2013 zrealizowana z rozmachem, wstrz\u0105saj\u0105ca i prawdziwa historia walki o ocalenie jednego z naj\u015bwi\u0119tszych miejsc Europy oraz bezcennych relikwii chrze\u015bcija\u0144stwa.<\/div>\n<p><!--more--><\/p>\n<p>Ten dramat wydarzy\u0142 si\u0119 w poniedzia\u0142ek 15 kwietnia 2019 roku. Wielu odebra\u0142o po\u017car jak zdarzenie symboliczne, a nawet profetyczne. Nie tylko katolicy wstrzymali oddech, obserwuj\u0105c setki stra\u017cak\u00f3w staj\u0105cych do walki z \u017cywio\u0142em. Warunki by\u0142y niezwykle trudne, poniewa\u017c ogie\u0144 rozprzestrzenia\u0142 si\u0119 na trudno dost\u0119pnym poddaszu, a stawka ogromnie wysoka, bo chodzi\u0142o nie tylko o ocalenie jednej z najwspanialszych budowli sakralnych na Ziemi, ale\u00a0tak\u017ce bezcennych relikwii. W skarbcu katedry przechowywana jest mi\u0119dzy innymi korona cierniowa Chrystusa.<\/p>\n<p><strong>Projekcja filmu odb\u0119dzie si\u0119 w Resursie Obywatelskiej w \u015brod\u0119, 9 listopada (o godz. 12:00 i 18:00)<\/strong><span style=\"font-weight: 400;\">.<\/span><\/p>\n<p>Wst\u0119p p\u0142atny \u2013 10 z\u0142. Bilety do nabycia w kasie Resursy bezpo\u015brednio przed projekcjami oraz online. Rezerwacje dla grup pod numerem telefonu 48 362 85 90.<\/p>\n<p style=\"text-align: center;\"><img loading=\"lazy\" decoding=\"async\" class=\"aligncenter size-large wp-image-823\" src=\"https:\/\/albert.radom.pl\/wp-content\/uploads\/2022\/11\/Notre-Dame-plonie-plakat-698x1024.jpg\" alt=\"\" width=\"640\" height=\"939\" srcset=\"https:\/\/albert.radom.pl\/wp-content\/uploads\/2022\/11\/Notre-Dame-plonie-plakat-698x1024.jpg 698w, https:\/\/albert.radom.pl\/wp-content\/uploads\/2022\/11\/Notre-Dame-plonie-plakat-205x300.jpg 205w, https:\/\/albert.radom.pl\/wp-content\/uploads\/2022\/11\/Notre-Dame-plonie-plakat-768x1126.jpg 768w, https:\/\/albert.radom.pl\/wp-content\/uploads\/2022\/11\/Notre-Dame-plonie-plakat-1048x1536.jpg 1048w, https:\/\/albert.radom.pl\/wp-content\/uploads\/2022\/11\/Notre-Dame-plonie-plakat-1397x2048.jpg 1397w, https:\/\/albert.radom.pl\/wp-content\/uploads\/2022\/11\/Notre-Dame-plonie-plakat-1024x1501.jpg 1024w, https:\/\/albert.radom.pl\/wp-content\/uploads\/2022\/11\/Notre-Dame-plonie-plakat.jpg 1746w\" sizes=\"auto, (max-width: 640px) 100vw, 640px\" \/><\/p>\n","protected":false},"excerpt":{"rendered":"<p>&#8222;Notre Dame p\u0142onie&#8221;\u00a0to najnowszy film Jean-Jacquesa Annaud \u2013 zrealizowana z rozmachem, wstrz\u0105saj\u0105ca i prawdziwa historia&#8230;<\/p>\n","protected":false},"author":1,"featured_media":823,"comment_status":"closed","ping_status":"closed","sticky":false,"template":"","format":"standard","meta":{"footnotes":""},"categories":[39,36,13,14,17],"tags":[],"class_list":["post-824","post","type-post","status-publish","format-standard","has-post-thumbnail","hentry","category-film","category-kino","category-kultura-i-sztuka","category-polecamy","category-warto-obejrzec"],"featured_image_urls":{"full":["https:\/\/albert.radom.pl\/wp-content\/uploads\/2022\/11\/Notre-Dame-plonie-plakat.jpg",1746,2560,false],"thumbnail":["https:\/\/albert.radom.pl\/wp-content\/uploads\/2022\/11\/Notre-Dame-plonie-plakat-150x150.jpg",150,150,true],"medium":["https:\/\/albert.radom.pl\/wp-content\/uploads\/2022\/11\/Notre-Dame-plonie-plakat-205x300.jpg",205,300,true],"medium_large":["https:\/\/albert.radom.pl\/wp-content\/uploads\/2022\/11\/Notre-Dame-plonie-plakat-768x1126.jpg",640,938,true],"large":["https:\/\/albert.radom.pl\/wp-content\/uploads\/2022\/11\/Notre-Dame-plonie-plakat-698x1024.jpg",640,939,true],"1536x1536":["https:\/\/albert.radom.pl\/wp-content\/uploads\/2022\/11\/Notre-Dame-plonie-plakat-1048x1536.jpg",1048,1536,true],"2048x2048":["https:\/\/albert.radom.pl\/wp-content\/uploads\/2022\/11\/Notre-Dame-plonie-plakat-1397x2048.jpg",1397,2048,true],"newsever-slider-full":["https:\/\/albert.radom.pl\/wp-content\/uploads\/2022\/11\/Notre-Dame-plonie-plakat-1280x845.jpg",1280,845,true],"newsever-featured":["https:\/\/albert.radom.pl\/wp-content\/uploads\/2022\/11\/Notre-Dame-plonie-plakat-1024x1501.jpg",1024,1501,true],"newsever-medium":["https:\/\/albert.radom.pl\/wp-content\/uploads\/2022\/11\/Notre-Dame-plonie-plakat-720x475.jpg",720,475,true]},"author_info":{"display_name":"xdar","author_link":"https:\/\/albert.radom.pl\/?author=1"},"category_info":"<a href=\"https:\/\/albert.radom.pl\/?cat=39\" rel=\"category\">Film<\/a> <a href=\"https:\/\/albert.radom.pl\/?cat=36\" rel=\"category\">Kino<\/a> <a href=\"https:\/\/albert.radom.pl\/?cat=13\" rel=\"category\">Kultura i sztuka<\/a> <a href=\"https:\/\/albert.radom.pl\/?cat=14\" rel=\"category\">Polecamy<\/a> <a href=\"https:\/\/albert.radom.pl\/?cat=17\" rel=\"category\">Warto obejrze\u0107<\/a>","tag_info":"Warto obejrze\u0107","comment_count":"0","_links":{"self":[{"href":"https:\/\/albert.radom.pl\/index.php?rest_route=\/wp\/v2\/posts\/824","targetHints":{"allow":["GET"]}}],"collection":[{"href":"https:\/\/albert.radom.pl\/index.php?rest_route=\/wp\/v2\/posts"}],"about":[{"href":"https:\/\/albert.radom.pl\/index.php?rest_route=\/wp\/v2\/types\/post"}],"author":[{"embeddable":true,"href":"https:\/\/albert.radom.pl\/index.php?rest_route=\/wp\/v2\/users\/1"}],"replies":[{"embeddable":true,"href":"https:\/\/albert.radom.pl\/index.php?rest_route=%2Fwp%2Fv2%2Fcomments&post=824"}],"version-history":[{"count":1,"href":"https:\/\/albert.radom.pl\/index.php?rest_route=\/wp\/v2\/posts\/824\/revisions"}],"predecessor-version":[{"id":825,"href":"https:\/\/albert.radom.pl\/index.php?rest_route=\/wp\/v2\/posts\/824\/revisions\/825"}],"wp:featuredmedia":[{"embeddable":true,"href":"https:\/\/albert.radom.pl\/index.php?rest_route=\/wp\/v2\/media\/823"}],"wp:attachment":[{"href":"https:\/\/albert.radom.pl\/index.php?rest_route=%2Fwp%2Fv2%2Fmedia&parent=824"}],"wp:term":[{"taxonomy":"category","embeddable":true,"href":"https:\/\/albert.radom.pl\/index.php?rest_route=%2Fwp%2Fv2%2Fcategories&post=824"},{"taxonomy":"post_tag","embeddable":true,"href":"https:\/\/albert.radom.pl\/index.php?rest_route=%2Fwp%2Fv2%2Ftags&post=824"}],"curies":[{"name":"wp","href":"https:\/\/api.w.org\/{rel}","templated":true}]}}