{"id":8271,"date":"2026-01-05T19:02:34","date_gmt":"2026-01-05T18:02:34","guid":{"rendered":"https:\/\/albert.radom.pl\/?p=8271"},"modified":"2026-01-05T19:02:34","modified_gmt":"2026-01-05T18:02:34","slug":"zapraszamy-na-koncert-koled","status":"publish","type":"post","link":"https:\/\/albert.radom.pl\/?p=8271","title":{"rendered":"Zapraszamy na koncert kol\u0119d"},"content":{"rendered":"<p>Serdecznie zapraszamy na koncert kol\u0119d <!--more-->w wykonaniu scholi parafii Matki Odkupiciela w Radomiu, kt\u00f3ry odb\u0119dzie si\u0119 w niedziel\u0119 11 stycznia, bezpo\u015brednio po Mszy \u015awi\u0119tej o godz. 18.00.<\/p>\n<p>W scholi \u015bpiewa 30 os\u00f3b, b\u0119d\u0105 tak\u017ce zaprzyja\u017anieni muzycy.<\/p>\n<p>Zapraszamy i zach\u0119camy wszystkich Parafian do wsp\u00f3lnego \u015bpiewu i modlitewnego prze\u017cywania rado\u015bci Bo\u017cego Narodzenia.<\/p>\n<p style=\"text-align: center;\"><img loading=\"lazy\" decoding=\"async\" class=\"aligncenter size-large wp-image-8272\" src=\"https:\/\/albert.radom.pl\/wp-content\/uploads\/2026\/01\/koncert-koled-683x1024.jpg\" alt=\"\" width=\"640\" height=\"960\" srcset=\"https:\/\/albert.radom.pl\/wp-content\/uploads\/2026\/01\/koncert-koled-683x1024.jpg 683w, https:\/\/albert.radom.pl\/wp-content\/uploads\/2026\/01\/koncert-koled-200x300.jpg 200w, https:\/\/albert.radom.pl\/wp-content\/uploads\/2026\/01\/koncert-koled-768x1152.jpg 768w, https:\/\/albert.radom.pl\/wp-content\/uploads\/2026\/01\/koncert-koled.jpg 800w\" sizes=\"auto, (max-width: 640px) 100vw, 640px\" \/><\/p>\n","protected":false},"excerpt":{"rendered":"<p>Serdecznie zapraszamy na koncert kol\u0119d<\/p>\n","protected":false},"author":1,"featured_media":8273,"comment_status":"closed","ping_status":"closed","sticky":false,"template":"","format":"standard","meta":{"footnotes":""},"categories":[19,63,14],"tags":[],"class_list":["post-8271","post","type-post","status-publish","format-standard","has-post-thumbnail","hentry","category-aktualnosci","category-koncert","category-polecamy"],"featured_image_urls":{"full":["https:\/\/albert.radom.pl\/wp-content\/uploads\/2026\/01\/koncert-koled-banner.jpeg",771,492,false],"thumbnail":["https:\/\/albert.radom.pl\/wp-content\/uploads\/2026\/01\/koncert-koled-banner-150x150.jpeg",150,150,true],"medium":["https:\/\/albert.radom.pl\/wp-content\/uploads\/2026\/01\/koncert-koled-banner-300x191.jpeg",300,191,true],"medium_large":["https:\/\/albert.radom.pl\/wp-content\/uploads\/2026\/01\/koncert-koled-banner-768x490.jpeg",640,408,true],"large":["https:\/\/albert.radom.pl\/wp-content\/uploads\/2026\/01\/koncert-koled-banner.jpeg",640,408,false],"1536x1536":["https:\/\/albert.radom.pl\/wp-content\/uploads\/2026\/01\/koncert-koled-banner.jpeg",771,492,false],"2048x2048":["https:\/\/albert.radom.pl\/wp-content\/uploads\/2026\/01\/koncert-koled-banner.jpeg",771,492,false],"newsever-slider-full":["https:\/\/albert.radom.pl\/wp-content\/uploads\/2026\/01\/koncert-koled-banner.jpeg",771,492,false],"newsever-featured":["https:\/\/albert.radom.pl\/wp-content\/uploads\/2026\/01\/koncert-koled-banner.jpeg",771,492,false],"newsever-medium":["https:\/\/albert.radom.pl\/wp-content\/uploads\/2026\/01\/koncert-koled-banner-720x475.jpeg",720,475,true]},"author_info":{"display_name":"xdar","author_link":"https:\/\/albert.radom.pl\/?author=1"},"category_info":"<a href=\"https:\/\/albert.radom.pl\/?cat=19\" rel=\"category\">Aktualno\u015bci<\/a> <a href=\"https:\/\/albert.radom.pl\/?cat=63\" rel=\"category\">Koncert<\/a> <a href=\"https:\/\/albert.radom.pl\/?cat=14\" rel=\"category\">Polecamy<\/a>","tag_info":"Polecamy","comment_count":"0","_links":{"self":[{"href":"https:\/\/albert.radom.pl\/index.php?rest_route=\/wp\/v2\/posts\/8271","targetHints":{"allow":["GET"]}}],"collection":[{"href":"https:\/\/albert.radom.pl\/index.php?rest_route=\/wp\/v2\/posts"}],"about":[{"href":"https:\/\/albert.radom.pl\/index.php?rest_route=\/wp\/v2\/types\/post"}],"author":[{"embeddable":true,"href":"https:\/\/albert.radom.pl\/index.php?rest_route=\/wp\/v2\/users\/1"}],"replies":[{"embeddable":true,"href":"https:\/\/albert.radom.pl\/index.php?rest_route=%2Fwp%2Fv2%2Fcomments&post=8271"}],"version-history":[{"count":1,"href":"https:\/\/albert.radom.pl\/index.php?rest_route=\/wp\/v2\/posts\/8271\/revisions"}],"predecessor-version":[{"id":8274,"href":"https:\/\/albert.radom.pl\/index.php?rest_route=\/wp\/v2\/posts\/8271\/revisions\/8274"}],"wp:featuredmedia":[{"embeddable":true,"href":"https:\/\/albert.radom.pl\/index.php?rest_route=\/wp\/v2\/media\/8273"}],"wp:attachment":[{"href":"https:\/\/albert.radom.pl\/index.php?rest_route=%2Fwp%2Fv2%2Fmedia&parent=8271"}],"wp:term":[{"taxonomy":"category","embeddable":true,"href":"https:\/\/albert.radom.pl\/index.php?rest_route=%2Fwp%2Fv2%2Fcategories&post=8271"},{"taxonomy":"post_tag","embeddable":true,"href":"https:\/\/albert.radom.pl\/index.php?rest_route=%2Fwp%2Fv2%2Ftags&post=8271"}],"curies":[{"name":"wp","href":"https:\/\/api.w.org\/{rel}","templated":true}]}}