{"id":829,"date":"2022-11-05T21:06:49","date_gmt":"2022-11-05T20:06:49","guid":{"rendered":"https:\/\/albert.radom.pl\/?p=829"},"modified":"2022-11-05T21:06:49","modified_gmt":"2022-11-05T20:06:49","slug":"swiatowe-dni-mlodziezy-lizbona-2023-zaproszenie","status":"publish","type":"post","link":"https:\/\/albert.radom.pl\/?p=829","title":{"rendered":"\u015awiatowe Dni M\u0142odzie\u017cy &#8211; Lizbona 2023. ZAPROSZENIE!"},"content":{"rendered":"<p>W okresie wakacyjnym pod przewodnictwem Ojca \u015bw., prze\u017cywa\u0107 b\u0119dziemy wielkie \u015bwi\u0119to M\u0142odzie\u017cy. Tym razem m\u0142odzi ca\u0142ego \u015bwiata spotkaj\u0105 si\u0119 w Lizbonie.<\/p>\n<p><!--more--><\/p>\n<p style=\"font-weight: 400;\">Zapraszam na to wydarzenie m\u0142odzie\u017c naszej diecezji. Uwzgl\u0119dniaj\u0105c wszystkie przes\u0142anki organizacyjne, jak r\u00f3wnie\u017c kosztorys zaproponowany przez Krajowe Biuro Organizacyjne \u015aDM, proponujemy naszej m\u0142odzie\u017cy wyjazd autokarowy na spotkanie z Ojcem \u015aw. i m\u0142odzie\u017c\u0105 \u015bwiata, po\u0142\u0105czony ze zwiedzaniem innych miejsc kultu religijnego. W planie podr\u00f3\u017cy znajduj\u0105 si\u0119 takie miejsca jak: Nevers,\u00a0 Lourdes, Oviedo, Santiago De Compostella, Fatima.<\/p>\n<p style=\"font-weight: 400;\">Rozpoczynamy 26 lipca wyjazd z Radomia i odwiedzamy poszczeg\u00f3lne miejsca w drodze do Portugalii. Gwarantujemy noclegi w hotelach i wy\u017cywienie. W dniach 1-6 sierpnia uczestniczymy w wydarzeniach centralnych w Lizbonie wed\u0142ug programu \u015aDM, a po Mszy \u015bw. pos\u0142ania z Ojcem \u015bw. udamy si\u0119 do Fatimy na dwa noclegi. W drodze powrotnej zatrzymamy si\u0119 na noclegu w BORDEAUX i do Radomia wr\u00f3cimy 9 sierpnia w godzinach nocnych.<\/p>\n<p style=\"font-weight: 400;\">Koszt wyjazdu przy obecnych cenach i kursie euro przedstawia si\u0119 nast\u0119puj\u0105co:<\/p>\n<p style=\"font-weight: 400;\">2850 z\u0142 + 430 euro &#8211; koszty podr\u00f3\u017cy i nocleg\u00f3w w hotelach<br \/>\n+ 235 euro &#8211; pakiet lizbo\u0144ski<br \/>\n+ 50 euro &#8211; pakiet polski pobierany przez Krajowe Biuro Organizacyjne<\/p>\n<p style=\"font-weight: 400;\">Szczeg\u00f3\u0142y wyjazdy zostan\u0105 przedstawione na spotkaniu w Duszpasterstwie Akademickim 23 listopada o godz. 18.00.<\/p>\n<p style=\"font-weight: 400;\">Zwracam si\u0119 z pro\u015bb\u0105 o przekazanie m\u0142odzie\u017cy powy\u017cszej informacji i pomoc w ich uczestnictwie w tym wydarzeniu.<\/p>\n<p style=\"text-align: right;\">ks. Mariusz Chamerski<br \/>\n<em>Koordynator \u015aDM<\/em><\/p>\n<p><iframe loading=\"lazy\" title=\"Powietrze ju\u017c drga | WYD Lisbon 2023 | Official Polish Version\" width=\"640\" height=\"360\" src=\"https:\/\/www.youtube.com\/embed\/JUiBADEot90?start=7&#038;feature=oembed\" frameborder=\"0\" allow=\"accelerometer; autoplay; clipboard-write; encrypted-media; gyroscope; picture-in-picture; web-share\" referrerpolicy=\"strict-origin-when-cross-origin\" allowfullscreen><\/iframe><\/p>\n<p><iframe loading=\"lazy\" title=\"WYD Lisbon 2023 - Official Promo Video\" width=\"640\" height=\"360\" src=\"https:\/\/www.youtube.com\/embed\/Efsm4s8g2mg?feature=oembed\" frameborder=\"0\" allow=\"accelerometer; autoplay; clipboard-write; encrypted-media; gyroscope; picture-in-picture; web-share\" referrerpolicy=\"strict-origin-when-cross-origin\" allowfullscreen><\/iframe><\/p>\n<p><iframe loading=\"lazy\" title=\"Oficjalny Hymn \u015aDM Lizbona 2023\" width=\"640\" height=\"360\" src=\"https:\/\/www.youtube.com\/embed\/TKrZnAQVxpo?feature=oembed\" frameborder=\"0\" allow=\"accelerometer; autoplay; clipboard-write; encrypted-media; gyroscope; picture-in-picture; web-share\" referrerpolicy=\"strict-origin-when-cross-origin\" allowfullscreen><\/iframe><\/p>\n","protected":false},"excerpt":{"rendered":"<p>W okresie wakacyjnym pod przewodnictwem Ojca \u015bw., prze\u017cywa\u0107 b\u0119dziemy wielkie \u015bwi\u0119to M\u0142odzie\u017cy. Tym razem m\u0142odzi&#8230;<\/p>\n","protected":false},"author":1,"featured_media":828,"comment_status":"closed","ping_status":"closed","sticky":false,"template":"","format":"standard","meta":{"footnotes":""},"categories":[19,60,62,59],"tags":[],"class_list":["post-829","post","type-post","status-publish","format-standard","has-post-thumbnail","hentry","category-aktualnosci","category-diecezja","category-sdm","category-zycie-kosciola"],"featured_image_urls":{"full":["https:\/\/albert.radom.pl\/wp-content\/uploads\/2022\/11\/pl-si-1-1650658918small-1.png",679,705,false],"thumbnail":["https:\/\/albert.radom.pl\/wp-content\/uploads\/2022\/11\/pl-si-1-1650658918small-1-150x150.png",150,150,true],"medium":["https:\/\/albert.radom.pl\/wp-content\/uploads\/2022\/11\/pl-si-1-1650658918small-1-289x300.png",289,300,true],"medium_large":["https:\/\/albert.radom.pl\/wp-content\/uploads\/2022\/11\/pl-si-1-1650658918small-1.png",640,665,false],"large":["https:\/\/albert.radom.pl\/wp-content\/uploads\/2022\/11\/pl-si-1-1650658918small-1.png",640,665,false],"1536x1536":["https:\/\/albert.radom.pl\/wp-content\/uploads\/2022\/11\/pl-si-1-1650658918small-1.png",679,705,false],"2048x2048":["https:\/\/albert.radom.pl\/wp-content\/uploads\/2022\/11\/pl-si-1-1650658918small-1.png",679,705,false],"newsever-slider-full":["https:\/\/albert.radom.pl\/wp-content\/uploads\/2022\/11\/pl-si-1-1650658918small-1.png",679,705,false],"newsever-featured":["https:\/\/albert.radom.pl\/wp-content\/uploads\/2022\/11\/pl-si-1-1650658918small-1.png",679,705,false],"newsever-medium":["https:\/\/albert.radom.pl\/wp-content\/uploads\/2022\/11\/pl-si-1-1650658918small-1-679x475.png",679,475,true]},"author_info":{"display_name":"xdar","author_link":"https:\/\/albert.radom.pl\/?author=1"},"category_info":"<a href=\"https:\/\/albert.radom.pl\/?cat=19\" rel=\"category\">Aktualno\u015bci<\/a> <a href=\"https:\/\/albert.radom.pl\/?cat=60\" rel=\"category\">Diecezja<\/a> <a href=\"https:\/\/albert.radom.pl\/?cat=62\" rel=\"category\">\u015aDM<\/a> <a href=\"https:\/\/albert.radom.pl\/?cat=59\" rel=\"category\">\u017bycie Ko\u015bcio\u0142a<\/a>","tag_info":"\u017bycie Ko\u015bcio\u0142a","comment_count":"0","_links":{"self":[{"href":"https:\/\/albert.radom.pl\/index.php?rest_route=\/wp\/v2\/posts\/829","targetHints":{"allow":["GET"]}}],"collection":[{"href":"https:\/\/albert.radom.pl\/index.php?rest_route=\/wp\/v2\/posts"}],"about":[{"href":"https:\/\/albert.radom.pl\/index.php?rest_route=\/wp\/v2\/types\/post"}],"author":[{"embeddable":true,"href":"https:\/\/albert.radom.pl\/index.php?rest_route=\/wp\/v2\/users\/1"}],"replies":[{"embeddable":true,"href":"https:\/\/albert.radom.pl\/index.php?rest_route=%2Fwp%2Fv2%2Fcomments&post=829"}],"version-history":[{"count":1,"href":"https:\/\/albert.radom.pl\/index.php?rest_route=\/wp\/v2\/posts\/829\/revisions"}],"predecessor-version":[{"id":830,"href":"https:\/\/albert.radom.pl\/index.php?rest_route=\/wp\/v2\/posts\/829\/revisions\/830"}],"wp:featuredmedia":[{"embeddable":true,"href":"https:\/\/albert.radom.pl\/index.php?rest_route=\/wp\/v2\/media\/828"}],"wp:attachment":[{"href":"https:\/\/albert.radom.pl\/index.php?rest_route=%2Fwp%2Fv2%2Fmedia&parent=829"}],"wp:term":[{"taxonomy":"category","embeddable":true,"href":"https:\/\/albert.radom.pl\/index.php?rest_route=%2Fwp%2Fv2%2Fcategories&post=829"},{"taxonomy":"post_tag","embeddable":true,"href":"https:\/\/albert.radom.pl\/index.php?rest_route=%2Fwp%2Fv2%2Ftags&post=829"}],"curies":[{"name":"wp","href":"https:\/\/api.w.org\/{rel}","templated":true}]}}