{"id":8303,"date":"2026-01-11T20:21:29","date_gmt":"2026-01-11T19:21:29","guid":{"rendered":"https:\/\/albert.radom.pl\/?p=8303"},"modified":"2026-01-11T20:21:29","modified_gmt":"2026-01-11T19:21:29","slug":"spotkanie-oplatkowe-domowego-kosciola","status":"publish","type":"post","link":"https:\/\/albert.radom.pl\/?p=8303","title":{"rendered":"Spotkanie op\u0142atkowe Domowego Ko\u015bcio\u0142a"},"content":{"rendered":"<p>Dzisiejszego popo\u0142udnia odby\u0142o si\u0119 spotkanie \u015bwi\u0105teczne wsp\u00f3lnoty Domowego Ko\u015bcio\u0142a naszej parafii.<!--more--><\/p>\n<div id='gallery-1' class='gallery galleryid-8303 gallery-columns-6 gallery-size-thumbnail'><figure class='gallery-item'>\n\t\t\t<div class='gallery-icon landscape'>\n\t\t\t\t<a href='https:\/\/albert.radom.pl\/wp-content\/uploads\/2026\/01\/615233674_1181413740829824_2037832293227715506_n.jpg'><img loading=\"lazy\" decoding=\"async\" width=\"150\" height=\"150\" src=\"https:\/\/albert.radom.pl\/wp-content\/uploads\/2026\/01\/615233674_1181413740829824_2037832293227715506_n-150x150.jpg\" class=\"attachment-thumbnail size-thumbnail\" alt=\"\" \/><\/a>\n\t\t\t<\/div><\/figure><figure class='gallery-item'>\n\t\t\t<div class='gallery-icon portrait'>\n\t\t\t\t<a href='https:\/\/albert.radom.pl\/wp-content\/uploads\/2026\/01\/615137649_1181413994163132_4974503441192405393_n.jpg'><img loading=\"lazy\" decoding=\"async\" width=\"150\" height=\"150\" src=\"https:\/\/albert.radom.pl\/wp-content\/uploads\/2026\/01\/615137649_1181413994163132_4974503441192405393_n-150x150.jpg\" class=\"attachment-thumbnail size-thumbnail\" alt=\"\" \/><\/a>\n\t\t\t<\/div><\/figure><figure class='gallery-item'>\n\t\t\t<div class='gallery-icon portrait'>\n\t\t\t\t<a href='https:\/\/albert.radom.pl\/wp-content\/uploads\/2026\/01\/615081153_1181413864163145_2158347217020702939_n.jpg'><img loading=\"lazy\" decoding=\"async\" width=\"150\" height=\"150\" src=\"https:\/\/albert.radom.pl\/wp-content\/uploads\/2026\/01\/615081153_1181413864163145_2158347217020702939_n-150x150.jpg\" class=\"attachment-thumbnail size-thumbnail\" alt=\"\" \/><\/a>\n\t\t\t<\/div><\/figure><figure class='gallery-item'>\n\t\t\t<div class='gallery-icon portrait'>\n\t\t\t\t<a href='https:\/\/albert.radom.pl\/wp-content\/uploads\/2026\/01\/614908844_1181413934163138_3469538684407853042_n.jpg'><img loading=\"lazy\" decoding=\"async\" width=\"150\" height=\"150\" src=\"https:\/\/albert.radom.pl\/wp-content\/uploads\/2026\/01\/614908844_1181413934163138_3469538684407853042_n-150x150.jpg\" class=\"attachment-thumbnail size-thumbnail\" alt=\"\" \/><\/a>\n\t\t\t<\/div><\/figure><figure class='gallery-item'>\n\t\t\t<div class='gallery-icon landscape'>\n\t\t\t\t<a href='https:\/\/albert.radom.pl\/wp-content\/uploads\/2026\/01\/614602664_1181413604163171_5541490019892653660_n.jpg'><img loading=\"lazy\" decoding=\"async\" width=\"150\" height=\"150\" src=\"https:\/\/albert.radom.pl\/wp-content\/uploads\/2026\/01\/614602664_1181413604163171_5541490019892653660_n-150x150.jpg\" class=\"attachment-thumbnail size-thumbnail\" alt=\"\" \/><\/a>\n\t\t\t<\/div><\/figure><figure class='gallery-item'>\n\t\t\t<div class='gallery-icon landscape'>\n\t\t\t\t<a href='https:\/\/albert.radom.pl\/wp-content\/uploads\/2026\/01\/614397392_1181414117496453_3122964378137178285_n.jpg'><img loading=\"lazy\" decoding=\"async\" width=\"150\" height=\"150\" src=\"https:\/\/albert.radom.pl\/wp-content\/uploads\/2026\/01\/614397392_1181414117496453_3122964378137178285_n-150x150.jpg\" class=\"attachment-thumbnail size-thumbnail\" alt=\"\" \/><\/a>\n\t\t\t<\/div><\/figure>\n\t\t<\/div>\n\n","protected":false},"excerpt":{"rendered":"<p>Dzisiejszego popo\u0142udnia odby\u0142o si\u0119 spotkanie \u015bwi\u0105teczne wsp\u00f3lnoty Domowego Ko\u015bcio\u0142a naszej parafii.<\/p>\n","protected":false},"author":1,"featured_media":8305,"comment_status":"closed","ping_status":"closed","sticky":false,"template":"","format":"standard","meta":{"footnotes":""},"categories":[19],"tags":[],"class_list":["post-8303","post","type-post","status-publish","format-standard","has-post-thumbnail","hentry","category-aktualnosci"],"featured_image_urls":{"full":["https:\/\/albert.radom.pl\/wp-content\/uploads\/2026\/01\/614602664_1181413604163171_5541490019892653660_n.jpg",2048,1536,false],"thumbnail":["https:\/\/albert.radom.pl\/wp-content\/uploads\/2026\/01\/614602664_1181413604163171_5541490019892653660_n-150x150.jpg",150,150,true],"medium":["https:\/\/albert.radom.pl\/wp-content\/uploads\/2026\/01\/614602664_1181413604163171_5541490019892653660_n-300x225.jpg",300,225,true],"medium_large":["https:\/\/albert.radom.pl\/wp-content\/uploads\/2026\/01\/614602664_1181413604163171_5541490019892653660_n-768x576.jpg",640,480,true],"large":["https:\/\/albert.radom.pl\/wp-content\/uploads\/2026\/01\/614602664_1181413604163171_5541490019892653660_n-1024x768.jpg",640,480,true],"1536x1536":["https:\/\/albert.radom.pl\/wp-content\/uploads\/2026\/01\/614602664_1181413604163171_5541490019892653660_n-1536x1152.jpg",1536,1152,true],"2048x2048":["https:\/\/albert.radom.pl\/wp-content\/uploads\/2026\/01\/614602664_1181413604163171_5541490019892653660_n.jpg",2048,1536,false],"newsever-slider-full":["https:\/\/albert.radom.pl\/wp-content\/uploads\/2026\/01\/614602664_1181413604163171_5541490019892653660_n-1280x845.jpg",1280,845,true],"newsever-featured":["https:\/\/albert.radom.pl\/wp-content\/uploads\/2026\/01\/614602664_1181413604163171_5541490019892653660_n-1024x768.jpg",1024,768,true],"newsever-medium":["https:\/\/albert.radom.pl\/wp-content\/uploads\/2026\/01\/614602664_1181413604163171_5541490019892653660_n-720x475.jpg",720,475,true]},"author_info":{"display_name":"xdar","author_link":"https:\/\/albert.radom.pl\/?author=1"},"category_info":"<a href=\"https:\/\/albert.radom.pl\/?cat=19\" rel=\"category\">Aktualno\u015bci<\/a>","tag_info":"Aktualno\u015bci","comment_count":"0","_links":{"self":[{"href":"https:\/\/albert.radom.pl\/index.php?rest_route=\/wp\/v2\/posts\/8303","targetHints":{"allow":["GET"]}}],"collection":[{"href":"https:\/\/albert.radom.pl\/index.php?rest_route=\/wp\/v2\/posts"}],"about":[{"href":"https:\/\/albert.radom.pl\/index.php?rest_route=\/wp\/v2\/types\/post"}],"author":[{"embeddable":true,"href":"https:\/\/albert.radom.pl\/index.php?rest_route=\/wp\/v2\/users\/1"}],"replies":[{"embeddable":true,"href":"https:\/\/albert.radom.pl\/index.php?rest_route=%2Fwp%2Fv2%2Fcomments&post=8303"}],"version-history":[{"count":1,"href":"https:\/\/albert.radom.pl\/index.php?rest_route=\/wp\/v2\/posts\/8303\/revisions"}],"predecessor-version":[{"id":8310,"href":"https:\/\/albert.radom.pl\/index.php?rest_route=\/wp\/v2\/posts\/8303\/revisions\/8310"}],"wp:featuredmedia":[{"embeddable":true,"href":"https:\/\/albert.radom.pl\/index.php?rest_route=\/wp\/v2\/media\/8305"}],"wp:attachment":[{"href":"https:\/\/albert.radom.pl\/index.php?rest_route=%2Fwp%2Fv2%2Fmedia&parent=8303"}],"wp:term":[{"taxonomy":"category","embeddable":true,"href":"https:\/\/albert.radom.pl\/index.php?rest_route=%2Fwp%2Fv2%2Fcategories&post=8303"},{"taxonomy":"post_tag","embeddable":true,"href":"https:\/\/albert.radom.pl\/index.php?rest_route=%2Fwp%2Fv2%2Ftags&post=8303"}],"curies":[{"name":"wp","href":"https:\/\/api.w.org\/{rel}","templated":true}]}}