{"id":832,"date":"2022-11-05T21:11:59","date_gmt":"2022-11-05T20:11:59","guid":{"rendered":"https:\/\/albert.radom.pl\/?p=832"},"modified":"2022-11-14T09:31:08","modified_gmt":"2022-11-14T08:31:08","slug":"niedziela-seminaryjna-13-listopada","status":"publish","type":"post","link":"https:\/\/albert.radom.pl\/?p=832","title":{"rendered":"Niedziela seminaryjna 13 listopada"},"content":{"rendered":"<p style=\"font-weight: 400;\"><strong>W niedziel\u0119 13 listopada 2022 r. b\u0119dziemy modli\u0107 si\u0119 w intencji nowych powo\u0142a\u0144 do kap\u0142a\u0144stwa i \u017cycia zakonnego.<\/strong><!--more--><\/p>\n<p style=\"font-weight: 400;\">Ksi\u0119\u017ca profesorowie i klerycy odwiedz\u0105 parafie Dekanatu Przytyckiego oraz Radom-Centrum. Ofiary sk\u0142adane na tac\u0119 w tym dniu, przeznaczone s\u0105 na Wy\u017csze Seminarium Duchowne w Radomiu. Ju\u017c dzi\u015b wyra\u017camy nasz\u0105 wdzi\u0119czno\u015b\u0107 oraz podzi\u0119kowanie za to wsparcie finansowe naszego Seminarium.<\/p>\n<p style=\"font-weight: 400;\">\n<p style=\"font-weight: 400; text-align: right;\">Ks. Marek Adamczyk<br \/>\n<span style=\"font-weight: 400;\"><em>Rektor Wy\u017cszego Seminarium Duchownego<br \/>\nw Radomiu <\/em><\/span><\/p>\n","protected":false},"excerpt":{"rendered":"<p>W niedziel\u0119 13 listopada 2022 r. b\u0119dziemy modli\u0107 si\u0119 w intencji nowych powo\u0142a\u0144 do kap\u0142a\u0144stwa&#8230;<\/p>\n","protected":false},"author":1,"featured_media":831,"comment_status":"closed","ping_status":"closed","sticky":false,"template":"","format":"standard","meta":{"footnotes":""},"categories":[19],"tags":[],"class_list":["post-832","post","type-post","status-publish","format-standard","has-post-thumbnail","hentry","category-aktualnosci"],"featured_image_urls":{"full":["https:\/\/albert.radom.pl\/wp-content\/uploads\/2022\/11\/wsd_radom_lot-696x464-1.jpg",696,464,false],"thumbnail":["https:\/\/albert.radom.pl\/wp-content\/uploads\/2022\/11\/wsd_radom_lot-696x464-1-150x150.jpg",150,150,true],"medium":["https:\/\/albert.radom.pl\/wp-content\/uploads\/2022\/11\/wsd_radom_lot-696x464-1-300x200.jpg",300,200,true],"medium_large":["https:\/\/albert.radom.pl\/wp-content\/uploads\/2022\/11\/wsd_radom_lot-696x464-1.jpg",640,427,false],"large":["https:\/\/albert.radom.pl\/wp-content\/uploads\/2022\/11\/wsd_radom_lot-696x464-1.jpg",640,427,false],"1536x1536":["https:\/\/albert.radom.pl\/wp-content\/uploads\/2022\/11\/wsd_radom_lot-696x464-1.jpg",696,464,false],"2048x2048":["https:\/\/albert.radom.pl\/wp-content\/uploads\/2022\/11\/wsd_radom_lot-696x464-1.jpg",696,464,false],"newsever-slider-full":["https:\/\/albert.radom.pl\/wp-content\/uploads\/2022\/11\/wsd_radom_lot-696x464-1.jpg",696,464,false],"newsever-featured":["https:\/\/albert.radom.pl\/wp-content\/uploads\/2022\/11\/wsd_radom_lot-696x464-1.jpg",696,464,false],"newsever-medium":["https:\/\/albert.radom.pl\/wp-content\/uploads\/2022\/11\/wsd_radom_lot-696x464-1.jpg",696,464,false]},"author_info":{"display_name":"xdar","author_link":"https:\/\/albert.radom.pl\/?author=1"},"category_info":"<a href=\"https:\/\/albert.radom.pl\/?cat=19\" rel=\"category\">Aktualno\u015bci<\/a>","tag_info":"Aktualno\u015bci","comment_count":"0","_links":{"self":[{"href":"https:\/\/albert.radom.pl\/index.php?rest_route=\/wp\/v2\/posts\/832","targetHints":{"allow":["GET"]}}],"collection":[{"href":"https:\/\/albert.radom.pl\/index.php?rest_route=\/wp\/v2\/posts"}],"about":[{"href":"https:\/\/albert.radom.pl\/index.php?rest_route=\/wp\/v2\/types\/post"}],"author":[{"embeddable":true,"href":"https:\/\/albert.radom.pl\/index.php?rest_route=\/wp\/v2\/users\/1"}],"replies":[{"embeddable":true,"href":"https:\/\/albert.radom.pl\/index.php?rest_route=%2Fwp%2Fv2%2Fcomments&post=832"}],"version-history":[{"count":1,"href":"https:\/\/albert.radom.pl\/index.php?rest_route=\/wp\/v2\/posts\/832\/revisions"}],"predecessor-version":[{"id":833,"href":"https:\/\/albert.radom.pl\/index.php?rest_route=\/wp\/v2\/posts\/832\/revisions\/833"}],"wp:featuredmedia":[{"embeddable":true,"href":"https:\/\/albert.radom.pl\/index.php?rest_route=\/wp\/v2\/media\/831"}],"wp:attachment":[{"href":"https:\/\/albert.radom.pl\/index.php?rest_route=%2Fwp%2Fv2%2Fmedia&parent=832"}],"wp:term":[{"taxonomy":"category","embeddable":true,"href":"https:\/\/albert.radom.pl\/index.php?rest_route=%2Fwp%2Fv2%2Fcategories&post=832"},{"taxonomy":"post_tag","embeddable":true,"href":"https:\/\/albert.radom.pl\/index.php?rest_route=%2Fwp%2Fv2%2Ftags&post=832"}],"curies":[{"name":"wp","href":"https:\/\/api.w.org\/{rel}","templated":true}]}}