{"id":8330,"date":"2026-01-18T23:54:47","date_gmt":"2026-01-18T22:54:47","guid":{"rendered":"https:\/\/albert.radom.pl\/?p=8330"},"modified":"2026-01-23T17:13:56","modified_gmt":"2026-01-23T16:13:56","slug":"spotkanie-oplatkowe-odnowy-w-duchu-swietym","status":"publish","type":"post","link":"https:\/\/albert.radom.pl\/?p=8330","title":{"rendered":"Spotkanie op\u0142atkowe Odnowy w Duchu \u015awi\u0119tym"},"content":{"rendered":"<p>Dzi\u015b, w niedziel\u0119 o godz. 15:00, rozpocz\u0119\u0142o si\u0119 pi\u0119kne spotkanie op\u0142atkowe naszej wsp\u00f3lnoty Odnowy w Duchu \u015awi\u0119tym.<!--more--><\/p>\n<p>By\u0142 czas modlitwy, \u0142amania si\u0119 op\u0142atkiem i rado\u015bci bycia razem \ud83d\ude4f\ud83c\udf84<\/p>\n<p>Dzi\u0119kujemy wszystkim za obecno\u015b\u0107, otwarte serca i wsp\u00f3lnie sp\u0119dzony czas.<br \/>\nNiech to, co otrzymali\u015bmy, owocuje w codzienno\u015bci \u2728<\/p>\n<p>Zapraszamy wszystkich ch\u0119tnych na spotkania formacyjne w ka\u017cdy wtorek po Mszy \u015aw. o 18!<\/p>\n<div id='gallery-1' class='gallery galleryid-8330 gallery-columns-2 gallery-size-medium'><figure class='gallery-item'>\n\t\t\t<div class='gallery-icon portrait'>\n\t\t\t\t<a href='https:\/\/albert.radom.pl\/wp-content\/uploads\/2026\/01\/615515013_1186476586990206_7089761643185244984_n.jpg'><img loading=\"lazy\" decoding=\"async\" width=\"225\" height=\"300\" src=\"https:\/\/albert.radom.pl\/wp-content\/uploads\/2026\/01\/615515013_1186476586990206_7089761643185244984_n-225x300.jpg\" class=\"attachment-medium size-medium\" alt=\"\" srcset=\"https:\/\/albert.radom.pl\/wp-content\/uploads\/2026\/01\/615515013_1186476586990206_7089761643185244984_n-225x300.jpg 225w, https:\/\/albert.radom.pl\/wp-content\/uploads\/2026\/01\/615515013_1186476586990206_7089761643185244984_n-768x1024.jpg 768w, https:\/\/albert.radom.pl\/wp-content\/uploads\/2026\/01\/615515013_1186476586990206_7089761643185244984_n-1152x1536.jpg 1152w, https:\/\/albert.radom.pl\/wp-content\/uploads\/2026\/01\/615515013_1186476586990206_7089761643185244984_n-1024x1365.jpg 1024w, https:\/\/albert.radom.pl\/wp-content\/uploads\/2026\/01\/615515013_1186476586990206_7089761643185244984_n.jpg 1200w\" sizes=\"auto, (max-width: 225px) 100vw, 225px\" \/><\/a>\n\t\t\t<\/div><\/figure><figure class='gallery-item'>\n\t\t\t<div class='gallery-icon landscape'>\n\t\t\t\t<a href='https:\/\/albert.radom.pl\/wp-content\/uploads\/2026\/01\/615527560_1186476646990200_4610263870253738983_n.jpg'><img loading=\"lazy\" decoding=\"async\" width=\"300\" height=\"169\" src=\"https:\/\/albert.radom.pl\/wp-content\/uploads\/2026\/01\/615527560_1186476646990200_4610263870253738983_n-300x169.jpg\" class=\"attachment-medium size-medium\" alt=\"\" srcset=\"https:\/\/albert.radom.pl\/wp-content\/uploads\/2026\/01\/615527560_1186476646990200_4610263870253738983_n-300x169.jpg 300w, https:\/\/albert.radom.pl\/wp-content\/uploads\/2026\/01\/615527560_1186476646990200_4610263870253738983_n-1024x577.jpg 1024w, https:\/\/albert.radom.pl\/wp-content\/uploads\/2026\/01\/615527560_1186476646990200_4610263870253738983_n-768x432.jpg 768w, https:\/\/albert.radom.pl\/wp-content\/uploads\/2026\/01\/615527560_1186476646990200_4610263870253738983_n-1536x865.jpg 1536w, https:\/\/albert.radom.pl\/wp-content\/uploads\/2026\/01\/615527560_1186476646990200_4610263870253738983_n.jpg 2048w\" sizes=\"auto, (max-width: 300px) 100vw, 300px\" \/><\/a>\n\t\t\t<\/div><\/figure>\n\t\t<\/div>\n\n","protected":false},"excerpt":{"rendered":"<p>Dzi\u015b, w niedziel\u0119 o godz. 15:00, rozpocz\u0119\u0142o si\u0119 pi\u0119kne spotkanie op\u0142atkowe naszej wsp\u00f3lnoty Odnowy w&#8230;<\/p>\n","protected":false},"author":1,"featured_media":8331,"comment_status":"closed","ping_status":"closed","sticky":false,"template":"","format":"standard","meta":{"footnotes":""},"categories":[19],"tags":[],"class_list":["post-8330","post","type-post","status-publish","format-standard","has-post-thumbnail","hentry","category-aktualnosci"],"featured_image_urls":{"full":["https:\/\/albert.radom.pl\/wp-content\/uploads\/2026\/01\/615515013_1186476586990206_7089761643185244984_n.jpg",1200,1600,false],"thumbnail":["https:\/\/albert.radom.pl\/wp-content\/uploads\/2026\/01\/615515013_1186476586990206_7089761643185244984_n-150x150.jpg",150,150,true],"medium":["https:\/\/albert.radom.pl\/wp-content\/uploads\/2026\/01\/615515013_1186476586990206_7089761643185244984_n-225x300.jpg",225,300,true],"medium_large":["https:\/\/albert.radom.pl\/wp-content\/uploads\/2026\/01\/615515013_1186476586990206_7089761643185244984_n-768x1024.jpg",640,853,true],"large":["https:\/\/albert.radom.pl\/wp-content\/uploads\/2026\/01\/615515013_1186476586990206_7089761643185244984_n-768x1024.jpg",640,853,true],"1536x1536":["https:\/\/albert.radom.pl\/wp-content\/uploads\/2026\/01\/615515013_1186476586990206_7089761643185244984_n-1152x1536.jpg",1152,1536,true],"2048x2048":["https:\/\/albert.radom.pl\/wp-content\/uploads\/2026\/01\/615515013_1186476586990206_7089761643185244984_n.jpg",1200,1600,false],"newsever-slider-full":["https:\/\/albert.radom.pl\/wp-content\/uploads\/2026\/01\/615515013_1186476586990206_7089761643185244984_n-1200x845.jpg",1200,845,true],"newsever-featured":["https:\/\/albert.radom.pl\/wp-content\/uploads\/2026\/01\/615515013_1186476586990206_7089761643185244984_n-1024x1365.jpg",1024,1365,true],"newsever-medium":["https:\/\/albert.radom.pl\/wp-content\/uploads\/2026\/01\/615515013_1186476586990206_7089761643185244984_n-720x475.jpg",720,475,true]},"author_info":{"display_name":"xdar","author_link":"https:\/\/albert.radom.pl\/?author=1"},"category_info":"<a href=\"https:\/\/albert.radom.pl\/?cat=19\" rel=\"category\">Aktualno\u015bci<\/a>","tag_info":"Aktualno\u015bci","comment_count":"0","_links":{"self":[{"href":"https:\/\/albert.radom.pl\/index.php?rest_route=\/wp\/v2\/posts\/8330","targetHints":{"allow":["GET"]}}],"collection":[{"href":"https:\/\/albert.radom.pl\/index.php?rest_route=\/wp\/v2\/posts"}],"about":[{"href":"https:\/\/albert.radom.pl\/index.php?rest_route=\/wp\/v2\/types\/post"}],"author":[{"embeddable":true,"href":"https:\/\/albert.radom.pl\/index.php?rest_route=\/wp\/v2\/users\/1"}],"replies":[{"embeddable":true,"href":"https:\/\/albert.radom.pl\/index.php?rest_route=%2Fwp%2Fv2%2Fcomments&post=8330"}],"version-history":[{"count":2,"href":"https:\/\/albert.radom.pl\/index.php?rest_route=\/wp\/v2\/posts\/8330\/revisions"}],"predecessor-version":[{"id":8357,"href":"https:\/\/albert.radom.pl\/index.php?rest_route=\/wp\/v2\/posts\/8330\/revisions\/8357"}],"wp:featuredmedia":[{"embeddable":true,"href":"https:\/\/albert.radom.pl\/index.php?rest_route=\/wp\/v2\/media\/8331"}],"wp:attachment":[{"href":"https:\/\/albert.radom.pl\/index.php?rest_route=%2Fwp%2Fv2%2Fmedia&parent=8330"}],"wp:term":[{"taxonomy":"category","embeddable":true,"href":"https:\/\/albert.radom.pl\/index.php?rest_route=%2Fwp%2Fv2%2Fcategories&post=8330"},{"taxonomy":"post_tag","embeddable":true,"href":"https:\/\/albert.radom.pl\/index.php?rest_route=%2Fwp%2Fv2%2Ftags&post=8330"}],"curies":[{"name":"wp","href":"https:\/\/api.w.org\/{rel}","templated":true}]}}