{"id":8345,"date":"2026-01-20T23:08:04","date_gmt":"2026-01-20T22:08:04","guid":{"rendered":"https:\/\/albert.radom.pl\/?p=8345"},"modified":"2026-01-23T17:13:27","modified_gmt":"2026-01-23T16:13:27","slug":"feryjny-poranek-pelen-ruchu-i-usmiechow","status":"publish","type":"post","link":"https:\/\/albert.radom.pl\/?p=8345","title":{"rendered":"Feryjny poranek pe\u0142en ruchu i u\u015bmiech\u00f3w"},"content":{"rendered":"<p>Nasze dzieci i m\u0142odzie\u017c rozpocz\u0119\u0142y dzie\u0144 aktywnie w parku trampolin \u201eKocham Skaka\u0107\u201d.<!--more--><\/p>\n<p>By\u0142y skoki, wsp\u00f3lna zabawa i ogrom pozytywnej energii \ud83e\udd38\u200d\u2640\ufe0f\ud83e\udd38\u200d\u2642\ufe0f<\/p>\n<p>Po takiej dawce ruchu trzeba by\u0142o nadrobi\u0107 spalone kalorie, wi\u0119c wybrali\u015bmy si\u0119 na wsp\u00f3lny posi\u0142ek!<\/p>\n<p>A wszystko to pod czujn\u0105 opiek\u0105 naszych animator\u00f3w oraz ks. Karola<\/p>\n<div id='gallery-1' class='gallery galleryid-8345 gallery-columns-5 gallery-size-thumbnail'><figure class='gallery-item'>\n\t\t\t<div class='gallery-icon landscape'>\n\t\t\t\t<a href='https:\/\/albert.radom.pl\/wp-content\/uploads\/2026\/01\/618085965_1187851416852723_9023631638664851025_n.jpg'><img loading=\"lazy\" decoding=\"async\" width=\"150\" height=\"150\" src=\"https:\/\/albert.radom.pl\/wp-content\/uploads\/2026\/01\/618085965_1187851416852723_9023631638664851025_n-150x150.jpg\" class=\"attachment-thumbnail size-thumbnail\" alt=\"\" \/><\/a>\n\t\t\t<\/div><\/figure><figure class='gallery-item'>\n\t\t\t<div class='gallery-icon portrait'>\n\t\t\t\t<a href='https:\/\/albert.radom.pl\/wp-content\/uploads\/2026\/01\/617579675_1187851566852708_4862140032761747017_n.jpg'><img loading=\"lazy\" decoding=\"async\" width=\"150\" height=\"150\" src=\"https:\/\/albert.radom.pl\/wp-content\/uploads\/2026\/01\/617579675_1187851566852708_4862140032761747017_n-150x150.jpg\" class=\"attachment-thumbnail size-thumbnail\" alt=\"\" \/><\/a>\n\t\t\t<\/div><\/figure><figure class='gallery-item'>\n\t\t\t<div class='gallery-icon landscape'>\n\t\t\t\t<a href='https:\/\/albert.radom.pl\/wp-content\/uploads\/2026\/01\/616848684_1187851460186052_2748125791675205866_n.jpg'><img loading=\"lazy\" decoding=\"async\" width=\"150\" height=\"150\" src=\"https:\/\/albert.radom.pl\/wp-content\/uploads\/2026\/01\/616848684_1187851460186052_2748125791675205866_n-150x150.jpg\" class=\"attachment-thumbnail size-thumbnail\" alt=\"\" \/><\/a>\n\t\t\t<\/div><\/figure><figure class='gallery-item'>\n\t\t\t<div class='gallery-icon landscape'>\n\t\t\t\t<a href='https:\/\/albert.radom.pl\/wp-content\/uploads\/2026\/01\/615888331_1187851516852713_2619701379451334437_n.jpg'><img loading=\"lazy\" decoding=\"async\" width=\"150\" height=\"150\" src=\"https:\/\/albert.radom.pl\/wp-content\/uploads\/2026\/01\/615888331_1187851516852713_2619701379451334437_n-150x150.jpg\" class=\"attachment-thumbnail size-thumbnail\" alt=\"\" \/><\/a>\n\t\t\t<\/div><\/figure><figure class='gallery-item'>\n\t\t\t<div class='gallery-icon landscape'>\n\t\t\t\t<a href='https:\/\/albert.radom.pl\/wp-content\/uploads\/2026\/01\/616423605_1187851756852689_7631593344221724316_n.jpg'><img loading=\"lazy\" decoding=\"async\" width=\"150\" height=\"150\" src=\"https:\/\/albert.radom.pl\/wp-content\/uploads\/2026\/01\/616423605_1187851756852689_7631593344221724316_n-150x150.jpg\" class=\"attachment-thumbnail size-thumbnail\" alt=\"\" \/><\/a>\n\t\t\t<\/div><\/figure>\n\t\t<\/div>\n\n","protected":false},"excerpt":{"rendered":"<p>Nasze dzieci i m\u0142odzie\u017c rozpocz\u0119\u0142y dzie\u0144 aktywnie w parku trampolin \u201eKocham Skaka\u0107\u201d.<\/p>\n","protected":false},"author":1,"featured_media":8350,"comment_status":"closed","ping_status":"closed","sticky":false,"template":"","format":"standard","meta":{"footnotes":""},"categories":[19],"tags":[],"class_list":["post-8345","post","type-post","status-publish","format-standard","has-post-thumbnail","hentry","category-aktualnosci"],"featured_image_urls":{"full":["https:\/\/albert.radom.pl\/wp-content\/uploads\/2026\/01\/618085965_1187851416852723_9023631638664851025_n.jpg",2048,1152,false],"thumbnail":["https:\/\/albert.radom.pl\/wp-content\/uploads\/2026\/01\/618085965_1187851416852723_9023631638664851025_n-150x150.jpg",150,150,true],"medium":["https:\/\/albert.radom.pl\/wp-content\/uploads\/2026\/01\/618085965_1187851416852723_9023631638664851025_n-300x169.jpg",300,169,true],"medium_large":["https:\/\/albert.radom.pl\/wp-content\/uploads\/2026\/01\/618085965_1187851416852723_9023631638664851025_n-768x432.jpg",640,360,true],"large":["https:\/\/albert.radom.pl\/wp-content\/uploads\/2026\/01\/618085965_1187851416852723_9023631638664851025_n-1024x576.jpg",640,360,true],"1536x1536":["https:\/\/albert.radom.pl\/wp-content\/uploads\/2026\/01\/618085965_1187851416852723_9023631638664851025_n-1536x864.jpg",1536,864,true],"2048x2048":["https:\/\/albert.radom.pl\/wp-content\/uploads\/2026\/01\/618085965_1187851416852723_9023631638664851025_n.jpg",2048,1152,false],"newsever-slider-full":["https:\/\/albert.radom.pl\/wp-content\/uploads\/2026\/01\/618085965_1187851416852723_9023631638664851025_n-1280x845.jpg",1280,845,true],"newsever-featured":["https:\/\/albert.radom.pl\/wp-content\/uploads\/2026\/01\/618085965_1187851416852723_9023631638664851025_n-1024x576.jpg",1024,576,true],"newsever-medium":["https:\/\/albert.radom.pl\/wp-content\/uploads\/2026\/01\/618085965_1187851416852723_9023631638664851025_n-720x475.jpg",720,475,true]},"author_info":{"display_name":"xdar","author_link":"https:\/\/albert.radom.pl\/?author=1"},"category_info":"<a href=\"https:\/\/albert.radom.pl\/?cat=19\" rel=\"category\">Aktualno\u015bci<\/a>","tag_info":"Aktualno\u015bci","comment_count":"0","_links":{"self":[{"href":"https:\/\/albert.radom.pl\/index.php?rest_route=\/wp\/v2\/posts\/8345","targetHints":{"allow":["GET"]}}],"collection":[{"href":"https:\/\/albert.radom.pl\/index.php?rest_route=\/wp\/v2\/posts"}],"about":[{"href":"https:\/\/albert.radom.pl\/index.php?rest_route=\/wp\/v2\/types\/post"}],"author":[{"embeddable":true,"href":"https:\/\/albert.radom.pl\/index.php?rest_route=\/wp\/v2\/users\/1"}],"replies":[{"embeddable":true,"href":"https:\/\/albert.radom.pl\/index.php?rest_route=%2Fwp%2Fv2%2Fcomments&post=8345"}],"version-history":[{"count":1,"href":"https:\/\/albert.radom.pl\/index.php?rest_route=\/wp\/v2\/posts\/8345\/revisions"}],"predecessor-version":[{"id":8351,"href":"https:\/\/albert.radom.pl\/index.php?rest_route=\/wp\/v2\/posts\/8345\/revisions\/8351"}],"wp:featuredmedia":[{"embeddable":true,"href":"https:\/\/albert.radom.pl\/index.php?rest_route=\/wp\/v2\/media\/8350"}],"wp:attachment":[{"href":"https:\/\/albert.radom.pl\/index.php?rest_route=%2Fwp%2Fv2%2Fmedia&parent=8345"}],"wp:term":[{"taxonomy":"category","embeddable":true,"href":"https:\/\/albert.radom.pl\/index.php?rest_route=%2Fwp%2Fv2%2Fcategories&post=8345"},{"taxonomy":"post_tag","embeddable":true,"href":"https:\/\/albert.radom.pl\/index.php?rest_route=%2Fwp%2Fv2%2Ftags&post=8345"}],"curies":[{"name":"wp","href":"https:\/\/api.w.org\/{rel}","templated":true}]}}