{"id":8352,"date":"2026-01-22T23:11:35","date_gmt":"2026-01-22T22:11:35","guid":{"rendered":"https:\/\/albert.radom.pl\/?p=8352"},"modified":"2026-01-23T17:12:57","modified_gmt":"2026-01-23T16:12:57","slug":"mlodziezowa-integracja","status":"publish","type":"post","link":"https:\/\/albert.radom.pl\/?p=8352","title":{"rendered":"M\u0142odzie\u017cowa integracja"},"content":{"rendered":"<p>W ferie m\u0142odzie\u017c mo\u017ce si\u0119 super zintegrowa\u0107 &#8211; najpierw by\u0142y kr\u0119gle a potem pizza.<!--more--><\/p>\n<div id='gallery-1' class='gallery galleryid-8352 gallery-columns-3 gallery-size-medium'><figure class='gallery-item'>\n\t\t\t<div class='gallery-icon landscape'>\n\t\t\t\t<a href='https:\/\/albert.radom.pl\/wp-content\/uploads\/2026\/01\/PHOTO-2026-01-22-12-37-32-2.jpg'><img loading=\"lazy\" decoding=\"async\" width=\"300\" height=\"225\" src=\"https:\/\/albert.radom.pl\/wp-content\/uploads\/2026\/01\/PHOTO-2026-01-22-12-37-32-2-300x225.jpg\" class=\"attachment-medium size-medium\" alt=\"\" srcset=\"https:\/\/albert.radom.pl\/wp-content\/uploads\/2026\/01\/PHOTO-2026-01-22-12-37-32-2-300x225.jpg 300w, https:\/\/albert.radom.pl\/wp-content\/uploads\/2026\/01\/PHOTO-2026-01-22-12-37-32-2-1024x768.jpg 1024w, https:\/\/albert.radom.pl\/wp-content\/uploads\/2026\/01\/PHOTO-2026-01-22-12-37-32-2-768x576.jpg 768w, https:\/\/albert.radom.pl\/wp-content\/uploads\/2026\/01\/PHOTO-2026-01-22-12-37-32-2.jpg 1200w\" sizes=\"auto, (max-width: 300px) 100vw, 300px\" \/><\/a>\n\t\t\t<\/div><\/figure><figure class='gallery-item'>\n\t\t\t<div class='gallery-icon landscape'>\n\t\t\t\t<a href='https:\/\/albert.radom.pl\/wp-content\/uploads\/2026\/01\/PHOTO-2026-01-22-12-37-32.jpg'><img loading=\"lazy\" decoding=\"async\" width=\"300\" height=\"225\" src=\"https:\/\/albert.radom.pl\/wp-content\/uploads\/2026\/01\/PHOTO-2026-01-22-12-37-32-300x225.jpg\" class=\"attachment-medium size-medium\" alt=\"\" srcset=\"https:\/\/albert.radom.pl\/wp-content\/uploads\/2026\/01\/PHOTO-2026-01-22-12-37-32-300x225.jpg 300w, https:\/\/albert.radom.pl\/wp-content\/uploads\/2026\/01\/PHOTO-2026-01-22-12-37-32-1024x768.jpg 1024w, https:\/\/albert.radom.pl\/wp-content\/uploads\/2026\/01\/PHOTO-2026-01-22-12-37-32-768x576.jpg 768w, https:\/\/albert.radom.pl\/wp-content\/uploads\/2026\/01\/PHOTO-2026-01-22-12-37-32.jpg 1200w\" sizes=\"auto, (max-width: 300px) 100vw, 300px\" \/><\/a>\n\t\t\t<\/div><\/figure><figure class='gallery-item'>\n\t\t\t<div class='gallery-icon landscape'>\n\t\t\t\t<a href='https:\/\/albert.radom.pl\/wp-content\/uploads\/2026\/01\/PHOTO-2026-01-22-12-37-32-3.jpg'><img loading=\"lazy\" decoding=\"async\" width=\"300\" height=\"169\" src=\"https:\/\/albert.radom.pl\/wp-content\/uploads\/2026\/01\/PHOTO-2026-01-22-12-37-32-3-300x169.jpg\" class=\"attachment-medium size-medium\" alt=\"\" srcset=\"https:\/\/albert.radom.pl\/wp-content\/uploads\/2026\/01\/PHOTO-2026-01-22-12-37-32-3-300x169.jpg 300w, https:\/\/albert.radom.pl\/wp-content\/uploads\/2026\/01\/PHOTO-2026-01-22-12-37-32-3-1024x577.jpg 1024w, https:\/\/albert.radom.pl\/wp-content\/uploads\/2026\/01\/PHOTO-2026-01-22-12-37-32-3-768x433.jpg 768w, https:\/\/albert.radom.pl\/wp-content\/uploads\/2026\/01\/PHOTO-2026-01-22-12-37-32-3.jpg 1200w\" sizes=\"auto, (max-width: 300px) 100vw, 300px\" \/><\/a>\n\t\t\t<\/div><\/figure>\n\t\t<\/div>\n\n","protected":false},"excerpt":{"rendered":"<p>W ferie m\u0142odzie\u017c mo\u017ce si\u0119 super zintegrowa\u0107 &#8211; najpierw by\u0142y kr\u0119gle a potem pizza.<\/p>\n","protected":false},"author":1,"featured_media":8353,"comment_status":"closed","ping_status":"closed","sticky":false,"template":"","format":"standard","meta":{"footnotes":""},"categories":[19],"tags":[],"class_list":["post-8352","post","type-post","status-publish","format-standard","has-post-thumbnail","hentry","category-aktualnosci"],"featured_image_urls":{"full":["https:\/\/albert.radom.pl\/wp-content\/uploads\/2026\/01\/PHOTO-2026-01-22-12-37-32-2.jpg",1200,900,false],"thumbnail":["https:\/\/albert.radom.pl\/wp-content\/uploads\/2026\/01\/PHOTO-2026-01-22-12-37-32-2-150x150.jpg",150,150,true],"medium":["https:\/\/albert.radom.pl\/wp-content\/uploads\/2026\/01\/PHOTO-2026-01-22-12-37-32-2-300x225.jpg",300,225,true],"medium_large":["https:\/\/albert.radom.pl\/wp-content\/uploads\/2026\/01\/PHOTO-2026-01-22-12-37-32-2-768x576.jpg",640,480,true],"large":["https:\/\/albert.radom.pl\/wp-content\/uploads\/2026\/01\/PHOTO-2026-01-22-12-37-32-2-1024x768.jpg",640,480,true],"1536x1536":["https:\/\/albert.radom.pl\/wp-content\/uploads\/2026\/01\/PHOTO-2026-01-22-12-37-32-2.jpg",1200,900,false],"2048x2048":["https:\/\/albert.radom.pl\/wp-content\/uploads\/2026\/01\/PHOTO-2026-01-22-12-37-32-2.jpg",1200,900,false],"newsever-slider-full":["https:\/\/albert.radom.pl\/wp-content\/uploads\/2026\/01\/PHOTO-2026-01-22-12-37-32-2-1200x845.jpg",1200,845,true],"newsever-featured":["https:\/\/albert.radom.pl\/wp-content\/uploads\/2026\/01\/PHOTO-2026-01-22-12-37-32-2-1024x768.jpg",1024,768,true],"newsever-medium":["https:\/\/albert.radom.pl\/wp-content\/uploads\/2026\/01\/PHOTO-2026-01-22-12-37-32-2-720x475.jpg",720,475,true]},"author_info":{"display_name":"xdar","author_link":"https:\/\/albert.radom.pl\/?author=1"},"category_info":"<a href=\"https:\/\/albert.radom.pl\/?cat=19\" rel=\"category\">Aktualno\u015bci<\/a>","tag_info":"Aktualno\u015bci","comment_count":"0","_links":{"self":[{"href":"https:\/\/albert.radom.pl\/index.php?rest_route=\/wp\/v2\/posts\/8352","targetHints":{"allow":["GET"]}}],"collection":[{"href":"https:\/\/albert.radom.pl\/index.php?rest_route=\/wp\/v2\/posts"}],"about":[{"href":"https:\/\/albert.radom.pl\/index.php?rest_route=\/wp\/v2\/types\/post"}],"author":[{"embeddable":true,"href":"https:\/\/albert.radom.pl\/index.php?rest_route=\/wp\/v2\/users\/1"}],"replies":[{"embeddable":true,"href":"https:\/\/albert.radom.pl\/index.php?rest_route=%2Fwp%2Fv2%2Fcomments&post=8352"}],"version-history":[{"count":1,"href":"https:\/\/albert.radom.pl\/index.php?rest_route=\/wp\/v2\/posts\/8352\/revisions"}],"predecessor-version":[{"id":8356,"href":"https:\/\/albert.radom.pl\/index.php?rest_route=\/wp\/v2\/posts\/8352\/revisions\/8356"}],"wp:featuredmedia":[{"embeddable":true,"href":"https:\/\/albert.radom.pl\/index.php?rest_route=\/wp\/v2\/media\/8353"}],"wp:attachment":[{"href":"https:\/\/albert.radom.pl\/index.php?rest_route=%2Fwp%2Fv2%2Fmedia&parent=8352"}],"wp:term":[{"taxonomy":"category","embeddable":true,"href":"https:\/\/albert.radom.pl\/index.php?rest_route=%2Fwp%2Fv2%2Fcategories&post=8352"},{"taxonomy":"post_tag","embeddable":true,"href":"https:\/\/albert.radom.pl\/index.php?rest_route=%2Fwp%2Fv2%2Ftags&post=8352"}],"curies":[{"name":"wp","href":"https:\/\/api.w.org\/{rel}","templated":true}]}}