{"id":8409,"date":"2026-03-14T20:40:50","date_gmt":"2026-03-14T19:40:50","guid":{"rendered":"https:\/\/albert.radom.pl\/?p=8409"},"modified":"2026-03-29T14:40:39","modified_gmt":"2026-03-29T12:40:39","slug":"rekolekcje-wielkopostne-3","status":"publish","type":"post","link":"https:\/\/albert.radom.pl\/?p=8409","title":{"rendered":"Rekolekcje Wielkopostne"},"content":{"rendered":"<p style=\"text-align: center;\"><strong>Plan Rekolekcji Wielkopostnych \u2013 Renowacja Misji \u015awi\u0119tej<!--more--><\/strong><br \/>\n<strong>Ojciec Superior Rafa\u0142 Kupczak OMI<\/strong><br \/>\n<strong>Parafia \u015bw. Brata Alberta Chmielowskiego w Radomiu <\/strong><br \/>\n<strong>22.03. &#8211; 26.03.2026<\/strong><\/p>\n<p style=\"text-align: left;\"><strong>Niedziela, 22.03.2026<\/strong><br \/>\ng. 7.00 &#8211; Msza \u015bw. z nauk\u0105<br \/>\ng. 9.00 \u2013 Msza \u015bw. z nauk\u0105<br \/>\ng. 11.00 \u2013 Msza \u015bw. z nauk\u0105<br \/>\ng. 12.30 \u2013 Msza \u015aw. z nauk\u0105<br \/>\ng. 17.15 \u2013 Gorzkie \u017bale z kazaniem pasyjnym<br \/>\ng. 18.00 \u2013 Msza \u015aw. z nauk\u0105<\/p>\n<p><strong>Poniedzia\u0142ek, 23.03.2026<\/strong><br \/>\ng. 7.00 \u2013 Msza \u015bw. z nauk\u0105<br \/>\ng. 9.00 \u2013 Msza \u015aw. z nauk\u0105<br \/>\ng. 11.00 \u2013 Msza \u015aw. z nauk\u0105 dla m\u0142odzie\u017cy szk\u00f3\u0142 \u015brednich<br \/>\ng. 18.00 \u2013 Msza \u015aw. z nauk\u0105<\/p>\n<p><strong>Wtorek, 24.03.2026<\/strong><br \/>\ng. 7.00 \u2013 Msza \u015bw. z nauk\u0105<br \/>\ng. 9.00 \u2013 Msza \u015aw. z nauk\u0105<br \/>\ng. 11.00 \u2013 Msza \u015aw. z nauk\u0105 dla m\u0142odzie\u017cy szk\u00f3\u0142 \u015brednich<br \/>\ng. 18.00 \u2013 Msza \u015aw. z nauk\u0105<\/p>\n<p><strong>\u015aroda, 25.03.2026 Uroczysto\u015b\u0107 Zwiastowania Pa\u0144skiego\u00a0<\/strong><br \/>\ng. 7.00 \u2013 Msza \u015bw. z nauk\u0105 i odnowienie przyrzecze\u0144 ma\u0142\u017ce\u0144skich<br \/>\ng. 9.00 \u2013 Msza \u015aw. z nauk\u0105 i odnowienie przyrzecze\u0144 ma\u0142\u017ce\u0144skich<br \/>\ng. 11.00 \u2013 Droga Krzy\u017cowa dla m\u0142odzie\u017cy szk\u00f3\u0142 \u015brednich<br \/>\ng. 18.00 \u2013 Msza \u015aw. z nauk\u0105 i odnowienie przyrzecze\u0144 ma\u0142\u017ce\u0144skich<\/p>\n<p><strong>Czwartek, 26.03.2026\u00a0<\/strong><br \/>\n<strong>DZIE\u0143 POKUTY. Spowied\u017a od 9.00 -11.30 ; 15.30 -18.30<\/strong><br \/>\ng. 7.00 \u2013 Msza \u015bw.<br \/>\ng. 9.00 \u2013 Msza \u015aw.<br \/>\ng. 18.00 \u2013 Msza \u015bw.<\/p>\n","protected":false},"excerpt":{"rendered":"<p>Plan Rekolekcji Wielkopostnych \u2013 Renowacja Misji \u015awi\u0119tej<\/p>\n","protected":false},"author":1,"featured_media":8410,"comment_status":"closed","ping_status":"closed","sticky":false,"template":"","format":"standard","meta":{"footnotes":""},"categories":[19,64,70],"tags":[],"class_list":["post-8409","post","type-post","status-publish","format-standard","has-post-thumbnail","hentry","category-aktualnosci","category-rekolekcje","category-wielki-post"],"featured_image_urls":{"full":["https:\/\/albert.radom.pl\/wp-content\/uploads\/2026\/03\/WIELKI-POST-BANER-QUO-VADIS.png",1177,377,false],"thumbnail":["https:\/\/albert.radom.pl\/wp-content\/uploads\/2026\/03\/WIELKI-POST-BANER-QUO-VADIS-150x150.png",150,150,true],"medium":["https:\/\/albert.radom.pl\/wp-content\/uploads\/2026\/03\/WIELKI-POST-BANER-QUO-VADIS-300x96.png",300,96,true],"medium_large":["https:\/\/albert.radom.pl\/wp-content\/uploads\/2026\/03\/WIELKI-POST-BANER-QUO-VADIS-768x246.png",640,205,true],"large":["https:\/\/albert.radom.pl\/wp-content\/uploads\/2026\/03\/WIELKI-POST-BANER-QUO-VADIS-1024x328.png",640,205,true],"1536x1536":["https:\/\/albert.radom.pl\/wp-content\/uploads\/2026\/03\/WIELKI-POST-BANER-QUO-VADIS.png",1177,377,false],"2048x2048":["https:\/\/albert.radom.pl\/wp-content\/uploads\/2026\/03\/WIELKI-POST-BANER-QUO-VADIS.png",1177,377,false],"newsever-slider-full":["https:\/\/albert.radom.pl\/wp-content\/uploads\/2026\/03\/WIELKI-POST-BANER-QUO-VADIS.png",1177,377,false],"newsever-featured":["https:\/\/albert.radom.pl\/wp-content\/uploads\/2026\/03\/WIELKI-POST-BANER-QUO-VADIS-1024x328.png",1024,328,true],"newsever-medium":["https:\/\/albert.radom.pl\/wp-content\/uploads\/2026\/03\/WIELKI-POST-BANER-QUO-VADIS-720x377.png",720,377,true]},"author_info":{"display_name":"xdar","author_link":"https:\/\/albert.radom.pl\/?author=1"},"category_info":"<a href=\"https:\/\/albert.radom.pl\/?cat=19\" rel=\"category\">Aktualno\u015bci<\/a> <a href=\"https:\/\/albert.radom.pl\/?cat=64\" rel=\"category\">Rekolekcje<\/a> <a href=\"https:\/\/albert.radom.pl\/?cat=70\" rel=\"category\">Wielki Post<\/a>","tag_info":"Wielki Post","comment_count":"0","_links":{"self":[{"href":"https:\/\/albert.radom.pl\/index.php?rest_route=\/wp\/v2\/posts\/8409","targetHints":{"allow":["GET"]}}],"collection":[{"href":"https:\/\/albert.radom.pl\/index.php?rest_route=\/wp\/v2\/posts"}],"about":[{"href":"https:\/\/albert.radom.pl\/index.php?rest_route=\/wp\/v2\/types\/post"}],"author":[{"embeddable":true,"href":"https:\/\/albert.radom.pl\/index.php?rest_route=\/wp\/v2\/users\/1"}],"replies":[{"embeddable":true,"href":"https:\/\/albert.radom.pl\/index.php?rest_route=%2Fwp%2Fv2%2Fcomments&post=8409"}],"version-history":[{"count":2,"href":"https:\/\/albert.radom.pl\/index.php?rest_route=\/wp\/v2\/posts\/8409\/revisions"}],"predecessor-version":[{"id":8412,"href":"https:\/\/albert.radom.pl\/index.php?rest_route=\/wp\/v2\/posts\/8409\/revisions\/8412"}],"wp:featuredmedia":[{"embeddable":true,"href":"https:\/\/albert.radom.pl\/index.php?rest_route=\/wp\/v2\/media\/8410"}],"wp:attachment":[{"href":"https:\/\/albert.radom.pl\/index.php?rest_route=%2Fwp%2Fv2%2Fmedia&parent=8409"}],"wp:term":[{"taxonomy":"category","embeddable":true,"href":"https:\/\/albert.radom.pl\/index.php?rest_route=%2Fwp%2Fv2%2Fcategories&post=8409"},{"taxonomy":"post_tag","embeddable":true,"href":"https:\/\/albert.radom.pl\/index.php?rest_route=%2Fwp%2Fv2%2Ftags&post=8409"}],"curies":[{"name":"wp","href":"https:\/\/api.w.org\/{rel}","templated":true}]}}