{"id":857,"date":"2022-11-06T14:14:15","date_gmt":"2022-11-06T13:14:15","guid":{"rendered":"https:\/\/albert.radom.pl\/?p=857"},"modified":"2022-11-09T14:21:43","modified_gmt":"2022-11-09T13:21:43","slug":"imieniny-ks-karola-kosteckiego","status":"publish","type":"post","link":"https:\/\/albert.radom.pl\/?p=857","title":{"rendered":"Imieniny ks. Karola Kosteckiego"},"content":{"rendered":"<p>W niedziel\u0119 6 listopada podczas Mszy \u015bwi\u0119tej o 11:00 modlili\u015bmy si\u0119 w intencji Ks. Karola Kosteckiego, kt\u00f3ry w miniony pi\u0105tek obchodzi\u0142 swoje imieniny.<\/p>\n<p><!--more--> \u017byczenia solenizantowi w imieniu kap\u0142an\u00f3w z\u0142o\u017cy\u0142 Ksi\u0105dz Proboszcz, natomiast w imieniu parafian z\u0142o\u017cyli je przedstawiciele grup parafialnych oraz m\u0142odzie\u017c z Oazy.<span class=\"Apple-converted-space\">\u00a0<\/span><\/p>\n<p>Ksi\u0119dzu Karolowi \u017cyczymy wielu Bo\u017cych \u0142ask i dalszej radosnej pos\u0142ugi w naszej parafii.<\/p>\n<div id='gallery-1' class='gallery galleryid-857 gallery-columns-4 gallery-size-thumbnail'><figure class='gallery-item'>\n\t\t\t<div class='gallery-icon landscape'>\n\t\t\t\t<a href='https:\/\/albert.radom.pl\/wp-content\/uploads\/2022\/11\/Imieniny_ks_Karola_06112022_035.jpg'><img loading=\"lazy\" decoding=\"async\" width=\"150\" height=\"150\" src=\"https:\/\/albert.radom.pl\/wp-content\/uploads\/2022\/11\/Imieniny_ks_Karola_06112022_035-150x150.jpg\" class=\"attachment-thumbnail size-thumbnail\" alt=\"\" \/><\/a>\n\t\t\t<\/div><\/figure><figure class='gallery-item'>\n\t\t\t<div class='gallery-icon landscape'>\n\t\t\t\t<a href='https:\/\/albert.radom.pl\/wp-content\/uploads\/2022\/11\/Imieniny_ks_Karola_06112022_034.jpg'><img loading=\"lazy\" decoding=\"async\" width=\"150\" height=\"150\" src=\"https:\/\/albert.radom.pl\/wp-content\/uploads\/2022\/11\/Imieniny_ks_Karola_06112022_034-150x150.jpg\" class=\"attachment-thumbnail size-thumbnail\" alt=\"\" \/><\/a>\n\t\t\t<\/div><\/figure><figure class='gallery-item'>\n\t\t\t<div class='gallery-icon landscape'>\n\t\t\t\t<a href='https:\/\/albert.radom.pl\/wp-content\/uploads\/2022\/11\/Imieniny_ks_Karola_06112022_033.jpg'><img loading=\"lazy\" decoding=\"async\" width=\"150\" height=\"150\" src=\"https:\/\/albert.radom.pl\/wp-content\/uploads\/2022\/11\/Imieniny_ks_Karola_06112022_033-150x150.jpg\" class=\"attachment-thumbnail size-thumbnail\" alt=\"\" \/><\/a>\n\t\t\t<\/div><\/figure><figure class='gallery-item'>\n\t\t\t<div class='gallery-icon landscape'>\n\t\t\t\t<a href='https:\/\/albert.radom.pl\/wp-content\/uploads\/2022\/11\/Imieniny_ks_Karola_06112022_032.jpg'><img loading=\"lazy\" decoding=\"async\" width=\"150\" height=\"150\" src=\"https:\/\/albert.radom.pl\/wp-content\/uploads\/2022\/11\/Imieniny_ks_Karola_06112022_032-150x150.jpg\" class=\"attachment-thumbnail size-thumbnail\" alt=\"\" \/><\/a>\n\t\t\t<\/div><\/figure><figure class='gallery-item'>\n\t\t\t<div class='gallery-icon landscape'>\n\t\t\t\t<a href='https:\/\/albert.radom.pl\/wp-content\/uploads\/2022\/11\/Imieniny_ks_Karola_06112022_031.jpg'><img loading=\"lazy\" decoding=\"async\" width=\"150\" height=\"150\" src=\"https:\/\/albert.radom.pl\/wp-content\/uploads\/2022\/11\/Imieniny_ks_Karola_06112022_031-150x150.jpg\" class=\"attachment-thumbnail size-thumbnail\" alt=\"\" \/><\/a>\n\t\t\t<\/div><\/figure><figure class='gallery-item'>\n\t\t\t<div class='gallery-icon landscape'>\n\t\t\t\t<a href='https:\/\/albert.radom.pl\/wp-content\/uploads\/2022\/11\/Imieniny_ks_Karola_06112022_030.jpg'><img loading=\"lazy\" decoding=\"async\" width=\"150\" height=\"150\" src=\"https:\/\/albert.radom.pl\/wp-content\/uploads\/2022\/11\/Imieniny_ks_Karola_06112022_030-150x150.jpg\" class=\"attachment-thumbnail size-thumbnail\" alt=\"\" \/><\/a>\n\t\t\t<\/div><\/figure><figure class='gallery-item'>\n\t\t\t<div class='gallery-icon landscape'>\n\t\t\t\t<a href='https:\/\/albert.radom.pl\/wp-content\/uploads\/2022\/11\/Imieniny_ks_Karola_06112022_019.jpg'><img loading=\"lazy\" decoding=\"async\" width=\"150\" height=\"150\" src=\"https:\/\/albert.radom.pl\/wp-content\/uploads\/2022\/11\/Imieniny_ks_Karola_06112022_019-150x150.jpg\" class=\"attachment-thumbnail size-thumbnail\" alt=\"\" \/><\/a>\n\t\t\t<\/div><\/figure><figure class='gallery-item'>\n\t\t\t<div class='gallery-icon landscape'>\n\t\t\t\t<a href='https:\/\/albert.radom.pl\/wp-content\/uploads\/2022\/11\/Imieniny_ks_Karola_06112022_020.jpg'><img loading=\"lazy\" decoding=\"async\" width=\"150\" height=\"150\" src=\"https:\/\/albert.radom.pl\/wp-content\/uploads\/2022\/11\/Imieniny_ks_Karola_06112022_020-150x150.jpg\" class=\"attachment-thumbnail size-thumbnail\" alt=\"\" \/><\/a>\n\t\t\t<\/div><\/figure><figure class='gallery-item'>\n\t\t\t<div class='gallery-icon landscape'>\n\t\t\t\t<a href='https:\/\/albert.radom.pl\/wp-content\/uploads\/2022\/11\/Imieniny_ks_Karola_06112022_021.jpg'><img loading=\"lazy\" decoding=\"async\" width=\"150\" height=\"150\" src=\"https:\/\/albert.radom.pl\/wp-content\/uploads\/2022\/11\/Imieniny_ks_Karola_06112022_021-150x150.jpg\" class=\"attachment-thumbnail size-thumbnail\" alt=\"\" \/><\/a>\n\t\t\t<\/div><\/figure><figure class='gallery-item'>\n\t\t\t<div class='gallery-icon landscape'>\n\t\t\t\t<a href='https:\/\/albert.radom.pl\/wp-content\/uploads\/2022\/11\/Imieniny_ks_Karola_06112022_022.jpg'><img loading=\"lazy\" decoding=\"async\" width=\"150\" height=\"150\" src=\"https:\/\/albert.radom.pl\/wp-content\/uploads\/2022\/11\/Imieniny_ks_Karola_06112022_022-150x150.jpg\" class=\"attachment-thumbnail size-thumbnail\" alt=\"\" \/><\/a>\n\t\t\t<\/div><\/figure><figure class='gallery-item'>\n\t\t\t<div class='gallery-icon landscape'>\n\t\t\t\t<a href='https:\/\/albert.radom.pl\/wp-content\/uploads\/2022\/11\/Imieniny_ks_Karola_06112022_024.jpg'><img loading=\"lazy\" decoding=\"async\" width=\"150\" height=\"150\" src=\"https:\/\/albert.radom.pl\/wp-content\/uploads\/2022\/11\/Imieniny_ks_Karola_06112022_024-150x150.jpg\" class=\"attachment-thumbnail size-thumbnail\" alt=\"\" \/><\/a>\n\t\t\t<\/div><\/figure><figure class='gallery-item'>\n\t\t\t<div class='gallery-icon landscape'>\n\t\t\t\t<a href='https:\/\/albert.radom.pl\/wp-content\/uploads\/2022\/11\/Imieniny_ks_Karola_06112022_029.jpg'><img loading=\"lazy\" decoding=\"async\" width=\"150\" height=\"150\" src=\"https:\/\/albert.radom.pl\/wp-content\/uploads\/2022\/11\/Imieniny_ks_Karola_06112022_029-150x150.jpg\" class=\"attachment-thumbnail size-thumbnail\" alt=\"\" \/><\/a>\n\t\t\t<\/div><\/figure><figure class='gallery-item'>\n\t\t\t<div class='gallery-icon landscape'>\n\t\t\t\t<a href='https:\/\/albert.radom.pl\/wp-content\/uploads\/2022\/11\/Imieniny_ks_Karola_06112022_018.jpg'><img loading=\"lazy\" decoding=\"async\" width=\"150\" height=\"150\" src=\"https:\/\/albert.radom.pl\/wp-content\/uploads\/2022\/11\/Imieniny_ks_Karola_06112022_018-150x150.jpg\" class=\"attachment-thumbnail size-thumbnail\" alt=\"\" \/><\/a>\n\t\t\t<\/div><\/figure><figure class='gallery-item'>\n\t\t\t<div class='gallery-icon landscape'>\n\t\t\t\t<a href='https:\/\/albert.radom.pl\/wp-content\/uploads\/2022\/11\/Imieniny_ks_Karola_06112022_006.jpg'><img loading=\"lazy\" decoding=\"async\" width=\"150\" height=\"150\" src=\"https:\/\/albert.radom.pl\/wp-content\/uploads\/2022\/11\/Imieniny_ks_Karola_06112022_006-150x150.jpg\" class=\"attachment-thumbnail size-thumbnail\" alt=\"\" \/><\/a>\n\t\t\t<\/div><\/figure><figure class='gallery-item'>\n\t\t\t<div class='gallery-icon landscape'>\n\t\t\t\t<a href='https:\/\/albert.radom.pl\/wp-content\/uploads\/2022\/11\/Imieniny_ks_Karola_06112022_016.jpg'><img loading=\"lazy\" decoding=\"async\" width=\"150\" height=\"150\" src=\"https:\/\/albert.radom.pl\/wp-content\/uploads\/2022\/11\/Imieniny_ks_Karola_06112022_016-150x150.jpg\" class=\"attachment-thumbnail size-thumbnail\" alt=\"\" \/><\/a>\n\t\t\t<\/div><\/figure><figure class='gallery-item'>\n\t\t\t<div class='gallery-icon landscape'>\n\t\t\t\t<a href='https:\/\/albert.radom.pl\/wp-content\/uploads\/2022\/11\/Imieniny_ks_Karola_06112022_005.jpg'><img loading=\"lazy\" decoding=\"async\" width=\"150\" height=\"150\" src=\"https:\/\/albert.radom.pl\/wp-content\/uploads\/2022\/11\/Imieniny_ks_Karola_06112022_005-150x150.jpg\" class=\"attachment-thumbnail size-thumbnail\" alt=\"\" \/><\/a>\n\t\t\t<\/div><\/figure><figure class='gallery-item'>\n\t\t\t<div class='gallery-icon landscape'>\n\t\t\t\t<a href='https:\/\/albert.radom.pl\/wp-content\/uploads\/2022\/11\/Imieniny_ks_Karola_06112022_013.jpg'><img loading=\"lazy\" decoding=\"async\" width=\"150\" height=\"150\" src=\"https:\/\/albert.radom.pl\/wp-content\/uploads\/2022\/11\/Imieniny_ks_Karola_06112022_013-150x150.jpg\" class=\"attachment-thumbnail size-thumbnail\" alt=\"\" \/><\/a>\n\t\t\t<\/div><\/figure><figure class='gallery-item'>\n\t\t\t<div class='gallery-icon landscape'>\n\t\t\t\t<a href='https:\/\/albert.radom.pl\/wp-content\/uploads\/2022\/11\/Imieniny_ks_Karola_06112022_002.jpg'><img loading=\"lazy\" decoding=\"async\" width=\"150\" height=\"150\" src=\"https:\/\/albert.radom.pl\/wp-content\/uploads\/2022\/11\/Imieniny_ks_Karola_06112022_002-150x150.jpg\" class=\"attachment-thumbnail size-thumbnail\" alt=\"\" \/><\/a>\n\t\t\t<\/div><\/figure><figure class='gallery-item'>\n\t\t\t<div class='gallery-icon landscape'>\n\t\t\t\t<a href='https:\/\/albert.radom.pl\/wp-content\/uploads\/2022\/11\/Imieniny_ks_Karola_06112022_012.jpg'><img loading=\"lazy\" decoding=\"async\" width=\"150\" height=\"150\" src=\"https:\/\/albert.radom.pl\/wp-content\/uploads\/2022\/11\/Imieniny_ks_Karola_06112022_012-150x150.jpg\" class=\"attachment-thumbnail size-thumbnail\" alt=\"\" \/><\/a>\n\t\t\t<\/div><\/figure><figure class='gallery-item'>\n\t\t\t<div class='gallery-icon landscape'>\n\t\t\t\t<a href='https:\/\/albert.radom.pl\/wp-content\/uploads\/2022\/11\/Imieniny_ks_Karola_06112022_011.jpg'><img loading=\"lazy\" decoding=\"async\" width=\"150\" height=\"150\" src=\"https:\/\/albert.radom.pl\/wp-content\/uploads\/2022\/11\/Imieniny_ks_Karola_06112022_011-150x150.jpg\" class=\"attachment-thumbnail size-thumbnail\" alt=\"\" \/><\/a>\n\t\t\t<\/div><\/figure><figure class='gallery-item'>\n\t\t\t<div class='gallery-icon landscape'>\n\t\t\t\t<a href='https:\/\/albert.radom.pl\/wp-content\/uploads\/2022\/11\/Imieniny_ks_Karola_06112022_008.jpg'><img loading=\"lazy\" decoding=\"async\" width=\"150\" height=\"150\" src=\"https:\/\/albert.radom.pl\/wp-content\/uploads\/2022\/11\/Imieniny_ks_Karola_06112022_008-150x150.jpg\" class=\"attachment-thumbnail size-thumbnail\" alt=\"\" \/><\/a>\n\t\t\t<\/div><\/figure>\n\t\t<\/div>\n\n","protected":false},"excerpt":{"rendered":"<p>W niedziel\u0119 6 listopada podczas Mszy \u015bwi\u0119tej o 11:00 modlili\u015bmy si\u0119 w intencji Ks. Karola&#8230;<\/p>\n","protected":false},"author":1,"featured_media":839,"comment_status":"closed","ping_status":"closed","sticky":false,"template":"","format":"standard","meta":{"footnotes":""},"categories":[19,12],"tags":[],"class_list":["post-857","post","type-post","status-publish","format-standard","has-post-thumbnail","hentry","category-aktualnosci","category-galeria"],"featured_image_urls":{"full":["https:\/\/albert.radom.pl\/wp-content\/uploads\/2022\/11\/Imieniny_ks_Karola_06112022_008.jpg",1024,768,false],"thumbnail":["https:\/\/albert.radom.pl\/wp-content\/uploads\/2022\/11\/Imieniny_ks_Karola_06112022_008-150x150.jpg",150,150,true],"medium":["https:\/\/albert.radom.pl\/wp-content\/uploads\/2022\/11\/Imieniny_ks_Karola_06112022_008-300x225.jpg",300,225,true],"medium_large":["https:\/\/albert.radom.pl\/wp-content\/uploads\/2022\/11\/Imieniny_ks_Karola_06112022_008-768x576.jpg",640,480,true],"large":["https:\/\/albert.radom.pl\/wp-content\/uploads\/2022\/11\/Imieniny_ks_Karola_06112022_008.jpg",640,480,false],"1536x1536":["https:\/\/albert.radom.pl\/wp-content\/uploads\/2022\/11\/Imieniny_ks_Karola_06112022_008.jpg",1024,768,false],"2048x2048":["https:\/\/albert.radom.pl\/wp-content\/uploads\/2022\/11\/Imieniny_ks_Karola_06112022_008.jpg",1024,768,false],"newsever-slider-full":["https:\/\/albert.radom.pl\/wp-content\/uploads\/2022\/11\/Imieniny_ks_Karola_06112022_008.jpg",1024,768,false],"newsever-featured":["https:\/\/albert.radom.pl\/wp-content\/uploads\/2022\/11\/Imieniny_ks_Karola_06112022_008.jpg",1024,768,false],"newsever-medium":["https:\/\/albert.radom.pl\/wp-content\/uploads\/2022\/11\/Imieniny_ks_Karola_06112022_008-720x475.jpg",720,475,true]},"author_info":{"display_name":"xdar","author_link":"https:\/\/albert.radom.pl\/?author=1"},"category_info":"<a href=\"https:\/\/albert.radom.pl\/?cat=19\" rel=\"category\">Aktualno\u015bci<\/a> <a href=\"https:\/\/albert.radom.pl\/?cat=12\" rel=\"category\">Galerie<\/a>","tag_info":"Galerie","comment_count":"0","_links":{"self":[{"href":"https:\/\/albert.radom.pl\/index.php?rest_route=\/wp\/v2\/posts\/857","targetHints":{"allow":["GET"]}}],"collection":[{"href":"https:\/\/albert.radom.pl\/index.php?rest_route=\/wp\/v2\/posts"}],"about":[{"href":"https:\/\/albert.radom.pl\/index.php?rest_route=\/wp\/v2\/types\/post"}],"author":[{"embeddable":true,"href":"https:\/\/albert.radom.pl\/index.php?rest_route=\/wp\/v2\/users\/1"}],"replies":[{"embeddable":true,"href":"https:\/\/albert.radom.pl\/index.php?rest_route=%2Fwp%2Fv2%2Fcomments&post=857"}],"version-history":[{"count":1,"href":"https:\/\/albert.radom.pl\/index.php?rest_route=\/wp\/v2\/posts\/857\/revisions"}],"predecessor-version":[{"id":858,"href":"https:\/\/albert.radom.pl\/index.php?rest_route=\/wp\/v2\/posts\/857\/revisions\/858"}],"wp:featuredmedia":[{"embeddable":true,"href":"https:\/\/albert.radom.pl\/index.php?rest_route=\/wp\/v2\/media\/839"}],"wp:attachment":[{"href":"https:\/\/albert.radom.pl\/index.php?rest_route=%2Fwp%2Fv2%2Fmedia&parent=857"}],"wp:term":[{"taxonomy":"category","embeddable":true,"href":"https:\/\/albert.radom.pl\/index.php?rest_route=%2Fwp%2Fv2%2Fcategories&post=857"},{"taxonomy":"post_tag","embeddable":true,"href":"https:\/\/albert.radom.pl\/index.php?rest_route=%2Fwp%2Fv2%2Ftags&post=857"}],"curies":[{"name":"wp","href":"https:\/\/api.w.org\/{rel}","templated":true}]}}