{"id":8856,"date":"2026-09-04T14:08:40","date_gmt":"2026-09-04T12:08:40","guid":{"rendered":"https:\/\/albert.radom.pl\/?p=8856"},"modified":"2026-09-04T14:17:44","modified_gmt":"2026-09-04T12:17:44","slug":"rozpoczecie-roku-formacyjnego-2","status":"publish","type":"post","link":"https:\/\/albert.radom.pl\/?p=8856","title":{"rendered":"Rozpocz\u0119cie roku formacyjnego"},"content":{"rendered":"<p>Uroczyst\u0105 Msz\u0105 \u015bw. w I Czwartek Miesi\u0105ca rozpocz\u0119li\u015bmy nowy rok formacyjny w naszej parafii.<!--more-->Przed nami czas spotka\u0144 w grupach i formacji duchowej. Ksi\u0105dz proboszcz Marek Janas pob\u0142ogos\u0142awi\u0142 animator\u00f3w oraz wr\u0119czy\u0142 im \u015bwiece.<br \/>\nZwie\u0144czeniem Eucharystii by\u0142a modlitwa o powo\u0142ania kap\u0142a\u0144skie, zakonne i misyjne, a tak\u017ce po\u015bwi\u0119cenie figury \u015bw. J\u00f3zefa. Zosta\u0142a ona ufundowana przez matki naszej parafii, i umieszczona w kaplicy Matki Bo\u017cej.<br \/>\nPo liturgii w sali konferencyjnej odby\u0142o si\u0119 spotkanie wszystkich grup parafialnych, podczas kt\u00f3rego ksi\u0119\u017ca przedstawili plany duszpasterskie i najwa\u017cniejsze wydarzenia na najbli\u017cszy rok formacyjny.<\/p>\n<div id='gallery-1' class='gallery galleryid-8856 gallery-columns-5 gallery-size-thumbnail'><figure class='gallery-item'>\n\t\t\t<div class='gallery-icon landscape'>\n\t\t\t\t<a href='https:\/\/albert.radom.pl\/wp-content\/uploads\/2026\/09\/791960539_18037294397831922_6678361845213100652_n-scaled.jpg'><img loading=\"lazy\" decoding=\"async\" width=\"150\" height=\"150\" src=\"https:\/\/albert.radom.pl\/wp-content\/uploads\/2026\/09\/791960539_18037294397831922_6678361845213100652_n-150x150.jpg\" class=\"attachment-thumbnail size-thumbnail\" alt=\"\" \/><\/a>\n\t\t\t<\/div><\/figure><figure class='gallery-item'>\n\t\t\t<div class='gallery-icon landscape'>\n\t\t\t\t<a href='https:\/\/albert.radom.pl\/wp-content\/uploads\/2026\/09\/792881888_18037294526831922_4127138345694224385_n.jpg'><img loading=\"lazy\" decoding=\"async\" width=\"150\" height=\"150\" src=\"https:\/\/albert.radom.pl\/wp-content\/uploads\/2026\/09\/792881888_18037294526831922_4127138345694224385_n-150x150.jpg\" class=\"attachment-thumbnail size-thumbnail\" alt=\"\" \/><\/a>\n\t\t\t<\/div><\/figure><figure class='gallery-item'>\n\t\t\t<div class='gallery-icon landscape'>\n\t\t\t\t<a href='https:\/\/albert.radom.pl\/wp-content\/uploads\/2026\/09\/791437917_18037294418831922_6160023339314281550_n-scaled.jpg'><img loading=\"lazy\" decoding=\"async\" width=\"150\" height=\"150\" src=\"https:\/\/albert.radom.pl\/wp-content\/uploads\/2026\/09\/791437917_18037294418831922_6160023339314281550_n-150x150.jpg\" class=\"attachment-thumbnail size-thumbnail\" alt=\"\" \/><\/a>\n\t\t\t<\/div><\/figure><figure class='gallery-item'>\n\t\t\t<div class='gallery-icon landscape'>\n\t\t\t\t<a href='https:\/\/albert.radom.pl\/wp-content\/uploads\/2026\/09\/791757628_18037294442831922_5669227614064955048_n-scaled.jpg'><img loading=\"lazy\" decoding=\"async\" width=\"150\" height=\"150\" src=\"https:\/\/albert.radom.pl\/wp-content\/uploads\/2026\/09\/791757628_18037294442831922_5669227614064955048_n-150x150.jpg\" class=\"attachment-thumbnail size-thumbnail\" alt=\"\" \/><\/a>\n\t\t\t<\/div><\/figure><figure class='gallery-item'>\n\t\t\t<div class='gallery-icon landscape'>\n\t\t\t\t<a href='https:\/\/albert.radom.pl\/wp-content\/uploads\/2026\/09\/792506559_18037294487831922_2249585760022017869_n-scaled.jpg'><img loading=\"lazy\" decoding=\"async\" width=\"150\" height=\"150\" src=\"https:\/\/albert.radom.pl\/wp-content\/uploads\/2026\/09\/792506559_18037294487831922_2249585760022017869_n-150x150.jpg\" class=\"attachment-thumbnail size-thumbnail\" alt=\"\" \/><\/a>\n\t\t\t<\/div><\/figure><figure class='gallery-item'>\n\t\t\t<div class='gallery-icon landscape'>\n\t\t\t\t<a href='https:\/\/albert.radom.pl\/wp-content\/uploads\/2026\/09\/792090421_18037294457831922_8369561640250341787_n-scaled.jpg'><img loading=\"lazy\" decoding=\"async\" width=\"150\" height=\"150\" src=\"https:\/\/albert.radom.pl\/wp-content\/uploads\/2026\/09\/792090421_18037294457831922_8369561640250341787_n-150x150.jpg\" class=\"attachment-thumbnail size-thumbnail\" alt=\"\" \/><\/a>\n\t\t\t<\/div><\/figure><figure class='gallery-item'>\n\t\t\t<div class='gallery-icon landscape'>\n\t\t\t\t<a href='https:\/\/albert.radom.pl\/wp-content\/uploads\/2026\/09\/791820643_18037294496831922_1335268723518230926_n-scaled.jpg'><img loading=\"lazy\" decoding=\"async\" width=\"150\" height=\"150\" src=\"https:\/\/albert.radom.pl\/wp-content\/uploads\/2026\/09\/791820643_18037294496831922_1335268723518230926_n-150x150.jpg\" class=\"attachment-thumbnail size-thumbnail\" alt=\"\" \/><\/a>\n\t\t\t<\/div><\/figure><figure class='gallery-item'>\n\t\t\t<div class='gallery-icon landscape'>\n\t\t\t\t<a href='https:\/\/albert.radom.pl\/wp-content\/uploads\/2026\/09\/792881885_18037294505831922_6871466292497649851_n-scaled.jpg'><img loading=\"lazy\" decoding=\"async\" width=\"150\" height=\"150\" src=\"https:\/\/albert.radom.pl\/wp-content\/uploads\/2026\/09\/792881885_18037294505831922_6871466292497649851_n-150x150.jpg\" class=\"attachment-thumbnail size-thumbnail\" alt=\"\" \/><\/a>\n\t\t\t<\/div><\/figure><figure class='gallery-item'>\n\t\t\t<div class='gallery-icon landscape'>\n\t\t\t\t<a href='https:\/\/albert.radom.pl\/wp-content\/uploads\/2026\/09\/792717467_18037294544831922_8396086565076367158_n.jpg'><img loading=\"lazy\" decoding=\"async\" width=\"150\" height=\"150\" src=\"https:\/\/albert.radom.pl\/wp-content\/uploads\/2026\/09\/792717467_18037294544831922_8396086565076367158_n-150x150.jpg\" class=\"attachment-thumbnail size-thumbnail\" alt=\"\" \/><\/a>\n\t\t\t<\/div><\/figure>\n\t\t<\/div>\n\n","protected":false},"excerpt":{"rendered":"<p>Uroczyst\u0105 Msz\u0105 \u015bw. w I Czwartek Miesi\u0105ca rozpocz\u0119li\u015bmy nowy rok formacyjny w naszej parafii.<\/p>\n","protected":false},"author":1,"featured_media":8860,"comment_status":"closed","ping_status":"closed","sticky":false,"template":"","format":"standard","meta":{"footnotes":""},"categories":[19],"tags":[],"class_list":["post-8856","post","type-post","status-publish","format-standard","has-post-thumbnail","hentry","category-aktualnosci"],"featured_image_urls":{"full":["https:\/\/albert.radom.pl\/wp-content\/uploads\/2026\/09\/791960539_18037294397831922_6678361845213100652_n-scaled.jpg",2560,1707,false],"thumbnail":["https:\/\/albert.radom.pl\/wp-content\/uploads\/2026\/09\/791960539_18037294397831922_6678361845213100652_n-150x150.jpg",150,150,true],"medium":["https:\/\/albert.radom.pl\/wp-content\/uploads\/2026\/09\/791960539_18037294397831922_6678361845213100652_n-300x200.jpg",300,200,true],"medium_large":["https:\/\/albert.radom.pl\/wp-content\/uploads\/2026\/09\/791960539_18037294397831922_6678361845213100652_n-768x512.jpg",640,427,true],"large":["https:\/\/albert.radom.pl\/wp-content\/uploads\/2026\/09\/791960539_18037294397831922_6678361845213100652_n-1024x683.jpg",640,427,true],"1536x1536":["https:\/\/albert.radom.pl\/wp-content\/uploads\/2026\/09\/791960539_18037294397831922_6678361845213100652_n-1536x1024.jpg",1536,1024,true],"2048x2048":["https:\/\/albert.radom.pl\/wp-content\/uploads\/2026\/09\/791960539_18037294397831922_6678361845213100652_n-2048x1365.jpg",2048,1365,true],"newsever-slider-full":["https:\/\/albert.radom.pl\/wp-content\/uploads\/2026\/09\/791960539_18037294397831922_6678361845213100652_n-1280x845.jpg",1280,845,true],"newsever-featured":["https:\/\/albert.radom.pl\/wp-content\/uploads\/2026\/09\/791960539_18037294397831922_6678361845213100652_n-1024x683.jpg",1024,683,true],"newsever-medium":["https:\/\/albert.radom.pl\/wp-content\/uploads\/2026\/09\/791960539_18037294397831922_6678361845213100652_n-720x475.jpg",720,475,true]},"author_info":{"display_name":"xdar","author_link":"https:\/\/albert.radom.pl\/?author=1"},"category_info":"<a href=\"https:\/\/albert.radom.pl\/?cat=19\" rel=\"category\">Aktualno\u015bci<\/a>","tag_info":"Aktualno\u015bci","comment_count":"0","_links":{"self":[{"href":"https:\/\/albert.radom.pl\/index.php?rest_route=\/wp\/v2\/posts\/8856","targetHints":{"allow":["GET"]}}],"collection":[{"href":"https:\/\/albert.radom.pl\/index.php?rest_route=\/wp\/v2\/posts"}],"about":[{"href":"https:\/\/albert.radom.pl\/index.php?rest_route=\/wp\/v2\/types\/post"}],"author":[{"embeddable":true,"href":"https:\/\/albert.radom.pl\/index.php?rest_route=\/wp\/v2\/users\/1"}],"replies":[{"embeddable":true,"href":"https:\/\/albert.radom.pl\/index.php?rest_route=%2Fwp%2Fv2%2Fcomments&post=8856"}],"version-history":[{"count":1,"href":"https:\/\/albert.radom.pl\/index.php?rest_route=\/wp\/v2\/posts\/8856\/revisions"}],"predecessor-version":[{"id":8867,"href":"https:\/\/albert.radom.pl\/index.php?rest_route=\/wp\/v2\/posts\/8856\/revisions\/8867"}],"wp:featuredmedia":[{"embeddable":true,"href":"https:\/\/albert.radom.pl\/index.php?rest_route=\/wp\/v2\/media\/8860"}],"wp:attachment":[{"href":"https:\/\/albert.radom.pl\/index.php?rest_route=%2Fwp%2Fv2%2Fmedia&parent=8856"}],"wp:term":[{"taxonomy":"category","embeddable":true,"href":"https:\/\/albert.radom.pl\/index.php?rest_route=%2Fwp%2Fv2%2Fcategories&post=8856"},{"taxonomy":"post_tag","embeddable":true,"href":"https:\/\/albert.radom.pl\/index.php?rest_route=%2Fwp%2Fv2%2Ftags&post=8856"}],"curies":[{"name":"wp","href":"https:\/\/api.w.org\/{rel}","templated":true}]}}