{"id":8868,"date":"2026-09-04T14:22:49","date_gmt":"2026-09-04T12:22:49","guid":{"rendered":"https:\/\/albert.radom.pl\/?p=8868"},"modified":"2026-09-04T14:24:07","modified_gmt":"2026-09-04T12:24:07","slug":"poswiecenie-figury-sw-jozefa","status":"publish","type":"post","link":"https:\/\/albert.radom.pl\/?p=8868","title":{"rendered":"Po\u015bwi\u0119cenie figury \u015bw. J\u00f3zefa"},"content":{"rendered":"<p>W pierwszy czwartek miesi\u0105ca &#8211; kiedy przez ca\u0142y rok w narodowym sanktuarium \u015aw. J\u00f3zefa w Kaliszu odbywaj\u0105 si\u0119 og\u00f3lnopolskie modlitwy i intencji rodzin i ochrony \u017cycia &#8211; zosta\u0142a po\u015bwi\u0119cona w ko\u015bciele \u015aw. Brata Alberta w Radomiu <strong>figura \u015aw. J\u00f3zefa Opiekuna Rodzin<\/strong>.<!--more--><\/p>\n<p>\u015aw. J\u00f3zef jest bardzo wa\u017cnym patronem, a jego wstawiennictwa powinni\u015bmy intensywnie wzywa\u0107. \u2013 Jego uczciwa praca i modlitewne milczenie s\u0105 dla nas wci\u0105\u017c aktualnym przyk\u0142adem, kt\u00f3ry powinni\u015bmy na\u015bladowa\u0107. Jego \u017cycie ukszta\u0142towa\u0142y trzy rodzaje mi\u0142o\u015bci, kt\u00f3re s\u0105 dzisiaj podstawowymi filarami naszego \u017cycia. By\u0142y nimi: mi\u0142o\u015b\u0107 do rodziny, do dzieci, mi\u0142o\u015b\u0107 do pracy oraz mi\u0142o\u015b\u0107 do Maryi. Rozpalajmy dzisiaj te trzy mi\u0142o\u015bci na nowo w naszym \u017cyciu, aby budowa\u0107 jedno\u015b\u0107 w sercu i rodzinie przez cierpliwo\u015b\u0107 i wzajemne przebaczenie, zaczynaj\u0105c od m\u0119\u017ca, \u017cony, dzieci, aby z codziennej pracy mo\u017cna by\u0142o uczyni\u0107 misj\u0119 budowania wsp\u00f3lnoty rodzinnej. Za ten dar dla naszej \u015bwi\u0105tyni wszystkim Matkom, kt\u00f3re ufundowa\u0142y t\u0119 figur\u0119 z serca dzi\u0119kuj\u0119.<\/p>\n<p>Niech \u015aw. J\u00f3zef wstawia si\u0119 za nasz\u0105 parafi\u0105 i wszystkimi rodzinami rozpoczynaj\u0105c nowy rok duszpasterski w naszej wsp\u00f3lnocie parafialnej &#8211; powiedzia\u0142 ks. Proboszcz Marek Janas po\u015bwi\u0119caj\u0105c t\u0119 figur\u0119. Od dzi\u015b ka\u017cdy z nas mo\u017ce zanosi\u0107 swoje modlitwy przez Jego wstawiennictwo za swoje rodziny.<\/p>\n<blockquote>\n<p style=\"text-align: center;\"><strong>\u015awi\u0119ty J\u00f3zefie, m\u00f3j najmilszy Ojcze,<\/strong><br \/>\n<strong>po Jezusie i Maryi najdro\u017cszy mojemu sercu,<\/strong><br \/>\n<strong>Tobie si\u0119 powierzam i oddaj\u0119,<\/strong><br \/>\n<strong>jak powierzyli si\u0119 Twej opiece<\/strong><br \/>\n<strong>Bo\u017cy Syn i Jego Przeczysta Matka.<\/strong><br \/>\n<strong>Przyjmij mnie za swoje dziecko,<\/strong><br \/>\n<strong>bo ja na ca\u0142e \u017cycie obieram Ci\u0119<\/strong><br \/>\n<strong>za Ojca, Opiekuna, Obro\u0144c\u0119 i Przewodnika mej duszy.<\/strong><br \/>\n<strong>O m\u00f3j najlepszy Ojcze, \u015bwi\u0119ty J\u00f3zefie,<\/strong><br \/>\n<strong>prowad\u017a mnie prost\u0105 drog\u0105 do Jezusa i Maryi.<\/strong><br \/>\n<strong>Naucz mnie kocha\u0107 wszystkich czyst\u0105 mi\u0142o\u015bci\u0105<\/strong><br \/>\n<strong>i by\u0107 gotowym do po\u015bwi\u0119ce\u0144 dla bli\u017anich.<\/strong><br \/>\n<strong>Naucz walczy\u0107 z pokusami cia\u0142a, \u015bwiata i szatana<\/strong><br \/>\n<strong>i znosi\u0107 w cicho\u015bci ka\u017cdy krzy\u017c, jaki mnie spotka.<\/strong><br \/>\n<strong>Naucz pokory i pos\u0142usze\u0144stwa woli Bo\u017cej.<\/strong><br \/>\n<strong>O najdro\u017cszy \u015bwi\u0119ty J\u00f3zefie,<\/strong><br \/>\n<strong>b\u0105d\u017a Piastunem mej duszy,<\/strong><br \/>\n<strong>odkupionej Krwi\u0105 Chrystusa.<\/strong><br \/>\n<strong>Czuwaj nade mn\u0105, jak strzeg\u0142e\u015b Dzieci\u0105tka Jezus,<\/strong><br \/>\n<strong>a ja Ci przyrzekam wierno\u015b\u0107, mi\u0142o\u015b\u0107 i ca\u0142kowite pos\u0142usze\u0144stwo,<\/strong><br \/>\n<strong>bo ufam, \u017ce za Twym wstawiennictwem b\u0119d\u0119 zbawiony.<\/strong><br \/>\n<strong>Nie patrz na moj\u0105 n\u0119dz\u0119,<\/strong><br \/>\n<strong>ale dla mi\u0142o\u015bci Jezusa i Maryi<\/strong><br \/>\n<strong>przyjmij mnie pod sw\u0105 Ojcowsk\u0105 opiek\u0119.<\/strong><br \/>\n<strong>Amen.<\/strong><\/p>\n<\/blockquote>\n<p><img loading=\"lazy\" decoding=\"async\" class=\"aligncenter size-large wp-image-8869\" src=\"https:\/\/albert.radom.pl\/wp-content\/uploads\/2026\/09\/808e83dc-52e0-48c2-aac3-dbccdd02cdc5-649x1024.jpg\" alt=\"\" width=\"640\" height=\"1010\" srcset=\"https:\/\/albert.radom.pl\/wp-content\/uploads\/2026\/09\/808e83dc-52e0-48c2-aac3-dbccdd02cdc5-649x1024.jpg 649w, https:\/\/albert.radom.pl\/wp-content\/uploads\/2026\/09\/808e83dc-52e0-48c2-aac3-dbccdd02cdc5-190x300.jpg 190w, https:\/\/albert.radom.pl\/wp-content\/uploads\/2026\/09\/808e83dc-52e0-48c2-aac3-dbccdd02cdc5-768x1211.jpg 768w, https:\/\/albert.radom.pl\/wp-content\/uploads\/2026\/09\/808e83dc-52e0-48c2-aac3-dbccdd02cdc5-974x1536.jpg 974w, https:\/\/albert.radom.pl\/wp-content\/uploads\/2026\/09\/808e83dc-52e0-48c2-aac3-dbccdd02cdc5-1024x1615.jpg 1024w, https:\/\/albert.radom.pl\/wp-content\/uploads\/2026\/09\/808e83dc-52e0-48c2-aac3-dbccdd02cdc5.jpg 1268w\" sizes=\"auto, (max-width: 640px) 100vw, 640px\" \/><\/p>\n","protected":false},"excerpt":{"rendered":"<p>W pierwszy czwartek miesi\u0105ca &#8211; kiedy przez ca\u0142y rok w narodowym sanktuarium \u015aw. J\u00f3zefa w&#8230;<\/p>\n","protected":false},"author":1,"featured_media":8862,"comment_status":"closed","ping_status":"closed","sticky":false,"template":"","format":"standard","meta":{"footnotes":""},"categories":[19],"tags":[],"class_list":["post-8868","post","type-post","status-publish","format-standard","has-post-thumbnail","hentry","category-aktualnosci"],"featured_image_urls":{"full":["https:\/\/albert.radom.pl\/wp-content\/uploads\/2026\/09\/792506559_18037294487831922_2249585760022017869_n-scaled.jpg",2560,1707,false],"thumbnail":["https:\/\/albert.radom.pl\/wp-content\/uploads\/2026\/09\/792506559_18037294487831922_2249585760022017869_n-150x150.jpg",150,150,true],"medium":["https:\/\/albert.radom.pl\/wp-content\/uploads\/2026\/09\/792506559_18037294487831922_2249585760022017869_n-300x200.jpg",300,200,true],"medium_large":["https:\/\/albert.radom.pl\/wp-content\/uploads\/2026\/09\/792506559_18037294487831922_2249585760022017869_n-768x512.jpg",640,427,true],"large":["https:\/\/albert.radom.pl\/wp-content\/uploads\/2026\/09\/792506559_18037294487831922_2249585760022017869_n-1024x683.jpg",640,427,true],"1536x1536":["https:\/\/albert.radom.pl\/wp-content\/uploads\/2026\/09\/792506559_18037294487831922_2249585760022017869_n-1536x1024.jpg",1536,1024,true],"2048x2048":["https:\/\/albert.radom.pl\/wp-content\/uploads\/2026\/09\/792506559_18037294487831922_2249585760022017869_n-2048x1365.jpg",2048,1365,true],"newsever-slider-full":["https:\/\/albert.radom.pl\/wp-content\/uploads\/2026\/09\/792506559_18037294487831922_2249585760022017869_n-1280x845.jpg",1280,845,true],"newsever-featured":["https:\/\/albert.radom.pl\/wp-content\/uploads\/2026\/09\/792506559_18037294487831922_2249585760022017869_n-1024x683.jpg",1024,683,true],"newsever-medium":["https:\/\/albert.radom.pl\/wp-content\/uploads\/2026\/09\/792506559_18037294487831922_2249585760022017869_n-720x475.jpg",720,475,true]},"author_info":{"display_name":"xdar","author_link":"https:\/\/albert.radom.pl\/?author=1"},"category_info":"<a href=\"https:\/\/albert.radom.pl\/?cat=19\" rel=\"category\">Aktualno\u015bci<\/a>","tag_info":"Aktualno\u015bci","comment_count":"0","_links":{"self":[{"href":"https:\/\/albert.radom.pl\/index.php?rest_route=\/wp\/v2\/posts\/8868","targetHints":{"allow":["GET"]}}],"collection":[{"href":"https:\/\/albert.radom.pl\/index.php?rest_route=\/wp\/v2\/posts"}],"about":[{"href":"https:\/\/albert.radom.pl\/index.php?rest_route=\/wp\/v2\/types\/post"}],"author":[{"embeddable":true,"href":"https:\/\/albert.radom.pl\/index.php?rest_route=\/wp\/v2\/users\/1"}],"replies":[{"embeddable":true,"href":"https:\/\/albert.radom.pl\/index.php?rest_route=%2Fwp%2Fv2%2Fcomments&post=8868"}],"version-history":[{"count":3,"href":"https:\/\/albert.radom.pl\/index.php?rest_route=\/wp\/v2\/posts\/8868\/revisions"}],"predecessor-version":[{"id":8872,"href":"https:\/\/albert.radom.pl\/index.php?rest_route=\/wp\/v2\/posts\/8868\/revisions\/8872"}],"wp:featuredmedia":[{"embeddable":true,"href":"https:\/\/albert.radom.pl\/index.php?rest_route=\/wp\/v2\/media\/8862"}],"wp:attachment":[{"href":"https:\/\/albert.radom.pl\/index.php?rest_route=%2Fwp%2Fv2%2Fmedia&parent=8868"}],"wp:term":[{"taxonomy":"category","embeddable":true,"href":"https:\/\/albert.radom.pl\/index.php?rest_route=%2Fwp%2Fv2%2Fcategories&post=8868"},{"taxonomy":"post_tag","embeddable":true,"href":"https:\/\/albert.radom.pl\/index.php?rest_route=%2Fwp%2Fv2%2Ftags&post=8868"}],"curies":[{"name":"wp","href":"https:\/\/api.w.org\/{rel}","templated":true}]}}