{"id":899,"date":"2022-11-14T09:38:37","date_gmt":"2022-11-14T08:38:37","guid":{"rendered":"https:\/\/albert.radom.pl\/?p=899"},"modified":"2022-11-26T10:36:17","modified_gmt":"2022-11-26T09:36:17","slug":"xxxvii-swiatowy-dzien-mlodziezy-diecezji-radomskiej","status":"publish","type":"post","link":"https:\/\/albert.radom.pl\/?p=899","title":{"rendered":"XXXVII \u015awiatowy Dzie\u0144 M\u0142odzie\u017cy Diecezji Radomskiej"},"content":{"rendered":"<p class=\"Tre\">Z woli Ojca \u015bw. Franciszka po raz drugi w <b>Niedziel\u0119 Chrystusa Kr\u00f3la, 20 listopada, <\/b>prze\u017cywa\u0107 b\u0119dziemy <b>XXXVII \u015awiatowy Dzie\u0144 M\u0142odzie\u017cy <\/b>w ko\u015bcio\u0142ach lokalnych.<!--more--><\/p>\n<p class=\"Tre\" style=\"text-align: center;\"><img loading=\"lazy\" decoding=\"async\" class=\"aligncenter size-full wp-image-900\" src=\"https:\/\/albert.radom.pl\/wp-content\/uploads\/2022\/11\/Plakat.png\" alt=\"\" width=\"627\" height=\"891\" srcset=\"https:\/\/albert.radom.pl\/wp-content\/uploads\/2022\/11\/Plakat.png 627w, https:\/\/albert.radom.pl\/wp-content\/uploads\/2022\/11\/Plakat-211x300.png 211w\" sizes=\"auto, (max-width: 627px) 100vw, 627px\" \/><\/p>\n<p>&nbsp;<\/p>\n","protected":false},"excerpt":{"rendered":"<p>Z woli Ojca \u015bw. Franciszka po raz drugi w Niedziel\u0119 Chrystusa Kr\u00f3la, 20 listopada, prze\u017cywa\u0107&#8230;<\/p>\n","protected":false},"author":1,"featured_media":900,"comment_status":"closed","ping_status":"closed","sticky":false,"template":"","format":"standard","meta":{"footnotes":""},"categories":[19],"tags":[],"class_list":["post-899","post","type-post","status-publish","format-standard","has-post-thumbnail","hentry","category-aktualnosci"],"featured_image_urls":{"full":["https:\/\/albert.radom.pl\/wp-content\/uploads\/2022\/11\/Plakat.png",627,891,false],"thumbnail":["https:\/\/albert.radom.pl\/wp-content\/uploads\/2022\/11\/Plakat-150x150.png",150,150,true],"medium":["https:\/\/albert.radom.pl\/wp-content\/uploads\/2022\/11\/Plakat-211x300.png",211,300,true],"medium_large":["https:\/\/albert.radom.pl\/wp-content\/uploads\/2022\/11\/Plakat.png",627,891,false],"large":["https:\/\/albert.radom.pl\/wp-content\/uploads\/2022\/11\/Plakat.png",627,891,false],"1536x1536":["https:\/\/albert.radom.pl\/wp-content\/uploads\/2022\/11\/Plakat.png",627,891,false],"2048x2048":["https:\/\/albert.radom.pl\/wp-content\/uploads\/2022\/11\/Plakat.png",627,891,false],"newsever-slider-full":["https:\/\/albert.radom.pl\/wp-content\/uploads\/2022\/11\/Plakat-627x845.png",627,845,true],"newsever-featured":["https:\/\/albert.radom.pl\/wp-content\/uploads\/2022\/11\/Plakat.png",627,891,false],"newsever-medium":["https:\/\/albert.radom.pl\/wp-content\/uploads\/2022\/11\/Plakat-627x475.png",627,475,true]},"author_info":{"display_name":"xdar","author_link":"https:\/\/albert.radom.pl\/?author=1"},"category_info":"<a href=\"https:\/\/albert.radom.pl\/?cat=19\" rel=\"category\">Aktualno\u015bci<\/a>","tag_info":"Aktualno\u015bci","comment_count":"0","_links":{"self":[{"href":"https:\/\/albert.radom.pl\/index.php?rest_route=\/wp\/v2\/posts\/899","targetHints":{"allow":["GET"]}}],"collection":[{"href":"https:\/\/albert.radom.pl\/index.php?rest_route=\/wp\/v2\/posts"}],"about":[{"href":"https:\/\/albert.radom.pl\/index.php?rest_route=\/wp\/v2\/types\/post"}],"author":[{"embeddable":true,"href":"https:\/\/albert.radom.pl\/index.php?rest_route=\/wp\/v2\/users\/1"}],"replies":[{"embeddable":true,"href":"https:\/\/albert.radom.pl\/index.php?rest_route=%2Fwp%2Fv2%2Fcomments&post=899"}],"version-history":[{"count":1,"href":"https:\/\/albert.radom.pl\/index.php?rest_route=\/wp\/v2\/posts\/899\/revisions"}],"predecessor-version":[{"id":901,"href":"https:\/\/albert.radom.pl\/index.php?rest_route=\/wp\/v2\/posts\/899\/revisions\/901"}],"wp:featuredmedia":[{"embeddable":true,"href":"https:\/\/albert.radom.pl\/index.php?rest_route=\/wp\/v2\/media\/900"}],"wp:attachment":[{"href":"https:\/\/albert.radom.pl\/index.php?rest_route=%2Fwp%2Fv2%2Fmedia&parent=899"}],"wp:term":[{"taxonomy":"category","embeddable":true,"href":"https:\/\/albert.radom.pl\/index.php?rest_route=%2Fwp%2Fv2%2Fcategories&post=899"},{"taxonomy":"post_tag","embeddable":true,"href":"https:\/\/albert.radom.pl\/index.php?rest_route=%2Fwp%2Fv2%2Ftags&post=899"}],"curies":[{"name":"wp","href":"https:\/\/api.w.org\/{rel}","templated":true}]}}